{"id":952,"date":"2020-03-26T20:11:55","date_gmt":"2020-03-26T19:11:55","guid":{"rendered":"http:\/\/pkas.cz\/?p=952"},"modified":"2020-03-26T20:11:58","modified_gmt":"2020-03-26T19:11:58","slug":"3-dil-bezeckeho-poharu-beh-osvobozeni-prelozen","status":"publish","type":"post","link":"http:\/\/pkas.cz\/?p=952","title":{"rendered":"3. d\u00edl B\u011b\u017eeck\u00e9ho poh\u00e1ru &#8211; B\u011bh osvobozen\u00ed p\u0159elo\u017een"},"content":{"rendered":"\n<figure class=\"wp-block-image size-large\"><img loading=\"lazy\" decoding=\"async\" width=\"533\" height=\"321\" src=\"http:\/\/pkas.cz\/wp-content\/uploads\/2020\/01\/PKAS_logo-pr\u016fhledn\u00fd.png\" alt=\"logo_new\" class=\"wp-image-717\" srcset=\"http:\/\/pkas.cz\/wp-content\/uploads\/2020\/01\/PKAS_logo-pr\u016fhledn\u00fd.png 533w, http:\/\/pkas.cz\/wp-content\/uploads\/2020\/01\/PKAS_logo-pr\u016fhledn\u00fd-300x181.png 300w\" sizes=\"(max-width: 533px) 100vw, 533px\" \/><figcaption>Nov\u00e9 logo PKAS<\/figcaption><\/figure>\n\n\n\n<p><strong><em>T\u0159et\u00ed z\u00e1vod B\u011b\u017eeck\u00e9ho poh\u00e1ru ml\u00e1de\u017ee Plze\u0148sk\u00e9ho kraje &#8211; B\u011bh osvobozen\u00ed v Plzni-Litic\u00edch se p\u0159esouv\u00e1 z p\u016fvodn\u00edho term\u00ednu st\u0159eda 15. 4. 2020 na nov\u00fd term\u00edn: st\u0159eda 23. 9. 2020.<\/em><\/strong><\/p>\n","protected":false},"excerpt":{"rendered":"<p>T\u0159et\u00ed z\u00e1vod B\u011b\u017eeck\u00e9ho poh\u00e1ru ml\u00e1de\u017ee Plze\u0148sk\u00e9ho kraje &#8211; B\u011bh osvobozen\u00ed v Plzni-Litic\u00edch se p\u0159esouv\u00e1 z p\u016fvodn\u00edho term\u00ednu st\u0159eda 15. 4. 2020 na nov\u00fd term\u00edn: st\u0159eda&hellip;<\/p>\n","protected":false},"author":2,"featured_media":717,"comment_status":"closed","ping_status":"closed","sticky":false,"template":"","format":"standard","meta":{"footnotes":""},"categories":[1],"tags":[],"jetpack_sharing_enabled":true,"jetpack_featured_media_url":"http:\/\/pkas.cz\/wp-content\/uploads\/2020\/01\/PKAS_logo-pr\u016fhledn\u00fd.png","_links":{"self":[{"href":"http:\/\/pkas.cz\/index.php?rest_route=\/wp\/v2\/posts\/952"}],"collection":[{"href":"http:\/\/pkas.cz\/index.php?rest_route=\/wp\/v2\/posts"}],"about":[{"href":"http:\/\/pkas.cz\/index.php?rest_route=\/wp\/v2\/types\/post"}],"author":[{"embeddable":true,"href":"http:\/\/pkas.cz\/index.php?rest_route=\/wp\/v2\/users\/2"}],"replies":[{"embeddable":true,"href":"http:\/\/pkas.cz\/index.php?rest_route=%2Fwp%2Fv2%2Fcomments&post=952"}],"version-history":[{"count":1,"href":"http:\/\/pkas.cz\/index.php?rest_route=\/wp\/v2\/posts\/952\/revisions"}],"predecessor-version":[{"id":953,"href":"http:\/\/pkas.cz\/index.php?rest_route=\/wp\/v2\/posts\/952\/revisions\/953"}],"wp:featuredmedia":[{"embeddable":true,"href":"http:\/\/pkas.cz\/index.php?rest_route=\/wp\/v2\/media\/717"}],"wp:attachment":[{"href":"http:\/\/pkas.cz\/index.php?rest_route=%2Fwp%2Fv2%2Fmedia&parent=952"}],"wp:term":[{"taxonomy":"category","embeddable":true,"href":"http:\/\/pkas.cz\/index.php?rest_route=%2Fwp%2Fv2%2Fcategories&post=952"},{"taxonomy":"post_tag","embeddable":true,"href":"http:\/\/pkas.cz\/index.php?rest_route=%2Fwp%2Fv2%2Ftags&post=952"}],"curies":[{"name":"wp","href":"https:\/\/api.w.org\/{rel}","templated":true}]}}