{"id":851,"date":"2020-02-24T23:04:32","date_gmt":"2020-02-24T22:04:32","guid":{"rendered":"http:\/\/pkas.cz\/?p=851"},"modified":"2020-02-24T23:04:39","modified_gmt":"2020-02-24T22:04:39","slug":"doskolovaci-seminar-treneru-atletiky","status":"publish","type":"post","link":"http:\/\/pkas.cz\/?p=851","title":{"rendered":"Do\u0161kolovac\u00ed semin\u00e1\u0159 tren\u00e9r\u016f atletiky"},"content":{"rendered":"\n<p><strong>Do\u0161kolovac\u00ed semin\u00e1\u0159 tren\u00e9r\u016f atletiky<\/strong><\/p>\n\n\n\n<p>Plze\u0148sk\u00fd krajsk\u00fd atletick\u00fd svaz po\u0159\u00e1d\u00e1 <strong>do\u0161kolovac\u00ed semin\u00e1\u0159 tren\u00e9r\u016f atletiky<\/strong>. <\/p>\n\n\n\n<figure class=\"wp-block-image size-large\"><img loading=\"lazy\" decoding=\"async\" width=\"648\" height=\"859\" src=\"http:\/\/pkas.cz\/wp-content\/uploads\/2020\/02\/pozv\u00e1nka-do\u0161kolen\u00ed.jpg\" alt=\"\" class=\"wp-image-848\" srcset=\"http:\/\/pkas.cz\/wp-content\/uploads\/2020\/02\/pozv\u00e1nka-do\u0161kolen\u00ed.jpg 648w, http:\/\/pkas.cz\/wp-content\/uploads\/2020\/02\/pozv\u00e1nka-do\u0161kolen\u00ed-226x300.jpg 226w\" sizes=\"(max-width: 648px) 100vw, 648px\" \/><\/figure>\n\n\n\n<p>Odkaz na p\u0159ihl\u00e1\u0161en\u00ed:  https:\/\/registr.atletika.cz\/CoachTrainingRegistration\/Registration\/125 <\/p>\n","protected":false},"excerpt":{"rendered":"<p>Do\u0161kolovac\u00ed semin\u00e1\u0159 tren\u00e9r\u016f atletiky Plze\u0148sk\u00fd krajsk\u00fd atletick\u00fd svaz po\u0159\u00e1d\u00e1 do\u0161kolovac\u00ed semin\u00e1\u0159 tren\u00e9r\u016f atletiky. Odkaz na p\u0159ihl\u00e1\u0161en\u00ed: https:\/\/registr.atletika.cz\/CoachTrainingRegistration\/Registration\/125<\/p>\n","protected":false},"author":3,"featured_media":719,"comment_status":"closed","ping_status":"closed","sticky":false,"template":"","format":"standard","meta":{"footnotes":""},"categories":[1],"tags":[],"jetpack_sharing_enabled":true,"jetpack_featured_media_url":"http:\/\/pkas.cz\/wp-content\/uploads\/2020\/01\/PKAS_square-e1582581538755.png","_links":{"self":[{"href":"http:\/\/pkas.cz\/index.php?rest_route=\/wp\/v2\/posts\/851"}],"collection":[{"href":"http:\/\/pkas.cz\/index.php?rest_route=\/wp\/v2\/posts"}],"about":[{"href":"http:\/\/pkas.cz\/index.php?rest_route=\/wp\/v2\/types\/post"}],"author":[{"embeddable":true,"href":"http:\/\/pkas.cz\/index.php?rest_route=\/wp\/v2\/users\/3"}],"replies":[{"embeddable":true,"href":"http:\/\/pkas.cz\/index.php?rest_route=%2Fwp%2Fv2%2Fcomments&post=851"}],"version-history":[{"count":1,"href":"http:\/\/pkas.cz\/index.php?rest_route=\/wp\/v2\/posts\/851\/revisions"}],"predecessor-version":[{"id":852,"href":"http:\/\/pkas.cz\/index.php?rest_route=\/wp\/v2\/posts\/851\/revisions\/852"}],"wp:featuredmedia":[{"embeddable":true,"href":"http:\/\/pkas.cz\/index.php?rest_route=\/wp\/v2\/media\/719"}],"wp:attachment":[{"href":"http:\/\/pkas.cz\/index.php?rest_route=%2Fwp%2Fv2%2Fmedia&parent=851"}],"wp:term":[{"taxonomy":"category","embeddable":true,"href":"http:\/\/pkas.cz\/index.php?rest_route=%2Fwp%2Fv2%2Fcategories&post=851"},{"taxonomy":"post_tag","embeddable":true,"href":"http:\/\/pkas.cz\/index.php?rest_route=%2Fwp%2Fv2%2Ftags&post=851"}],"curies":[{"name":"wp","href":"https:\/\/api.w.org\/{rel}","templated":true}]}}