{"id":829,"date":"2020-02-23T22:15:18","date_gmt":"2020-02-23T21:15:18","guid":{"rendered":"http:\/\/pkas.cz\/?p=829"},"modified":"2020-02-23T22:15:21","modified_gmt":"2020-02-23T21:15:21","slug":"tri-medaile-z-dospeleho-sampionatu-pro-skodu-plzen","status":"publish","type":"post","link":"http:\/\/pkas.cz\/?p=829","title":{"rendered":"T\u0159i medaile z dosp\u011bl\u00e9ho \u0161ampion\u00e1tu pro \u0160kodu Plze\u0148"},"content":{"rendered":"\n<h2 class=\"wp-block-heading\">T\u0159i medaile z dosp\u011bl\u00e9ho \u0161ampion\u00e1tu pro \u0160kodu Plze\u0148<\/h2>\n\n\n\n<figure class=\"wp-block-image size-large\"><img loading=\"lazy\" decoding=\"async\" width=\"566\" height=\"566\" src=\"http:\/\/pkas.cz\/wp-content\/uploads\/2020\/02\/skodaplzenmcrhala2020.jpg\" alt=\"\" class=\"wp-image-830\" srcset=\"http:\/\/pkas.cz\/wp-content\/uploads\/2020\/02\/skodaplzenmcrhala2020.jpg 566w, http:\/\/pkas.cz\/wp-content\/uploads\/2020\/02\/skodaplzenmcrhala2020-300x300.jpg 300w, http:\/\/pkas.cz\/wp-content\/uploads\/2020\/02\/skodaplzenmcrhala2020-150x150.jpg 150w\" sizes=\"(max-width: 566px) 100vw, 566px\" \/><figcaption>\u0160tafetov\u00fd kvartet zlevat Tereza Jon\u00e1\u0161ov\u00e1 (i s medail\u00ed z individu\u00e1ln\u00edho z\u00e1vodu) Linda Such\u00e1, Linda Hettlerov\u00e1,, Denisa Majerov\u00e1<br>foto AK \u0160KODA Plze\u0148<\/figcaption><\/figure>\n\n\n\n<figure class=\"wp-block-image size-large\"><img loading=\"lazy\" decoding=\"async\" width=\"960\" height=\"960\" src=\"http:\/\/pkas.cz\/wp-content\/uploads\/2020\/02\/josefadamekmcrhala2020.jpg\" alt=\"\" class=\"wp-image-831\" srcset=\"http:\/\/pkas.cz\/wp-content\/uploads\/2020\/02\/josefadamekmcrhala2020.jpg 960w, http:\/\/pkas.cz\/wp-content\/uploads\/2020\/02\/josefadamekmcrhala2020-300x300.jpg 300w, http:\/\/pkas.cz\/wp-content\/uploads\/2020\/02\/josefadamekmcrhala2020-150x150.jpg 150w, http:\/\/pkas.cz\/wp-content\/uploads\/2020\/02\/josefadamekmcrhala2020-768x768.jpg 768w\" sizes=\"(max-width: 960px) 100vw, 960px\" \/><figcaption>Bronzov\u00e1 radost Josefa Ad\u00e1mka Z M\u010cR v hale (fotozdroj AK \u0160KODA Plze\u0148)<\/figcaption><\/figure>\n\n\n\n<p>M\u010cR pokra\u010divalo o v\u00edkendu seniorskou kategori\u00ed a \u00fasp\u011b\u0161n\u00e9 vystoupen\u00ed za sebou maj\u00ed i n\u011bkte\u0159\u00ed Z\u00e1pado\u010de\u0161i. <\/p>\n\n\n\n<p>V sobotu se da\u0159ilo ve skoku vysok\u00e9m Josefu Ad\u00e1mkovi, kter\u00fd nakonec vinou hor\u0161\u00edho z\u00e1pisu p\u0159i\u0161el je\u0161t\u011b o lep\u0161\u00ed um\u00edst\u011bn\u00ed, i tak z toho bylo t\u0159et\u00ed m\u00edsto za v\u00fdkon 208 cm.<\/p>\n\n\n\n<p>Da\u0159ilo se i Tereze Jon\u00e1\u0161ov\u00e1, kter\u00e1 postoupila do ned\u011bln\u00edho fin\u00e1le na 400m a sv\u00fdm nejlep\u0161\u00edm leto\u0161n\u00edm v\u00fdkonem vybojovala rovn\u011b\u017e bronzovou medaili v \u010dase 55,53s. <\/p>\n\n\n\n<p>Tereza z\u00edskala na \u0161ampion\u00e1tu nakonec dv\u011b medaile. St\u0159\u00edbro si do Plzn\u011b odv\u00e1\u017e\u00ed \u017eensk\u00e1 \u0161tafeta. V c\u00edli byl nam\u011b\u0159en v\u00fdkon 1:38,30. Na ziksu cenn\u00e9ho kovu se d\u00e1le pod\u00edleli Linda Hettlerov\u00e1, Linda Such\u00e1 a Denisa Majerov\u00e1. <\/p>\n\n\n\n<p>Pro p\u0159ehled p\u0159in\u00e1\u0161\u00edme i dal\u0161\u00ed kvalitn\u00ed um\u00edst\u011bn\u00ed: <\/p>\n\n\n\n<p>4. Linda Such\u00e1 skok dalek\u00fd &#8211; 606 cm<br>5. Denisa Majerov\u00e1 skok vysok\u00fd &#8211; 176 cm <br>6. Anna Sur\u00e1kov\u00e1 800m &#8211; 2:12,70<br>6. \u0161tafeta mu\u017e\u016f  AK \u0160KODA 4x200m &#8211;  1:28,95<br>7. Slavom\u00edr Ja\u0161\u0161o skok vysok\u00fd &#8211; 203 cm<br>7. Tereza Schejbalov\u00e1 skok o ty\u010di &#8211; 373 cm<br>7. David \u0160pindler (AC Doma\u017elice) 800m &#8211; 1:52,57 <br>8. Jan \u0160tefela skok vysok\u00fd &#8211; 198 cm<br>Nen\u00ed &#8211; li uvedeno jinak z\u00e1vodn\u00edci reprezentuj\u00ed klub AK \u0160KODA Plze\u0148<\/p>\n\n\n\n<p><a href=\"http:\/\/online.atletika.cz\/vysledky\/41024\/0\/2\">KOMPLETN\u00cd V\u00ddSLEDKY <\/a><\/p>\n\n\n\n<p><\/p>\n","protected":false},"excerpt":{"rendered":"<p>T\u0159i medaile z dosp\u011bl\u00e9ho \u0161ampion\u00e1tu pro \u0160kodu Plze\u0148 M\u010cR pokra\u010divalo o v\u00edkendu seniorskou kategori\u00ed a \u00fasp\u011b\u0161n\u00e9 vystoupen\u00ed za sebou maj\u00ed i n\u011bkte\u0159\u00ed Z\u00e1pado\u010de\u0161i. V sobotu&hellip;<\/p>\n","protected":false},"author":2,"featured_media":830,"comment_status":"closed","ping_status":"closed","sticky":false,"template":"","format":"standard","meta":{"footnotes":""},"categories":[1],"tags":[],"jetpack_sharing_enabled":true,"jetpack_featured_media_url":"http:\/\/pkas.cz\/wp-content\/uploads\/2020\/02\/skodaplzenmcrhala2020.jpg","_links":{"self":[{"href":"http:\/\/pkas.cz\/index.php?rest_route=\/wp\/v2\/posts\/829"}],"collection":[{"href":"http:\/\/pkas.cz\/index.php?rest_route=\/wp\/v2\/posts"}],"about":[{"href":"http:\/\/pkas.cz\/index.php?rest_route=\/wp\/v2\/types\/post"}],"author":[{"embeddable":true,"href":"http:\/\/pkas.cz\/index.php?rest_route=\/wp\/v2\/users\/2"}],"replies":[{"embeddable":true,"href":"http:\/\/pkas.cz\/index.php?rest_route=%2Fwp%2Fv2%2Fcomments&post=829"}],"version-history":[{"count":3,"href":"http:\/\/pkas.cz\/index.php?rest_route=\/wp\/v2\/posts\/829\/revisions"}],"predecessor-version":[{"id":834,"href":"http:\/\/pkas.cz\/index.php?rest_route=\/wp\/v2\/posts\/829\/revisions\/834"}],"wp:featuredmedia":[{"embeddable":true,"href":"http:\/\/pkas.cz\/index.php?rest_route=\/wp\/v2\/media\/830"}],"wp:attachment":[{"href":"http:\/\/pkas.cz\/index.php?rest_route=%2Fwp%2Fv2%2Fmedia&parent=829"}],"wp:term":[{"taxonomy":"category","embeddable":true,"href":"http:\/\/pkas.cz\/index.php?rest_route=%2Fwp%2Fv2%2Fcategories&post=829"},{"taxonomy":"post_tag","embeddable":true,"href":"http:\/\/pkas.cz\/index.php?rest_route=%2Fwp%2Fv2%2Ftags&post=829"}],"curies":[{"name":"wp","href":"https:\/\/api.w.org\/{rel}","templated":true}]}}