{"id":822,"date":"2020-02-23T07:20:22","date_gmt":"2020-02-23T06:20:22","guid":{"rendered":"http:\/\/pkas.cz\/?p=822"},"modified":"2020-02-24T22:52:53","modified_gmt":"2020-02-24T21:52:53","slug":"vysel-prvni-zapis-vv-pkas-1-20","status":"publish","type":"post","link":"http:\/\/pkas.cz\/?p=822","title":{"rendered":"Vy\u0161el prvn\u00ed z\u00e1pis VV PKAS 1\/20"},"content":{"rendered":"\n<h2 class=\"wp-block-heading\">Vy\u0161el prvn\u00ed z\u00e1pis VV PKAS 1\/20<\/h2>\n\n\n\n<figure class=\"wp-block-image size-large is-resized\"><img loading=\"lazy\" decoding=\"async\" src=\"http:\/\/pkas.cz\/wp-content\/uploads\/2020\/01\/PKAS_logo-pr\u016fhledn\u00fd.png\" alt=\"logo_new\" class=\"wp-image-717\" width=\"374\" height=\"225\" srcset=\"http:\/\/pkas.cz\/wp-content\/uploads\/2020\/01\/PKAS_logo-pr\u016fhledn\u00fd.png 533w, http:\/\/pkas.cz\/wp-content\/uploads\/2020\/01\/PKAS_logo-pr\u016fhledn\u00fd-300x181.png 300w\" sizes=\"(max-width: 374px) 100vw, 374px\" \/><figcaption>Nov\u00e9 logo PKAS<\/figcaption><\/figure>\n\n\n\n<p>Vy\u0161el z\u00e1pis z jedn\u00e1n\u00ed VV PKAS, kter\u00e9 se uskute\u010dnilo 6.2. 2020 v Plzni.<\/p>\n\n\n\n<p>Projednan\u00e9 body p\u0159in\u00e1\u0161\u00edme <a href=\"http:\/\/pkas.cz\/?attachment_id=824\">ZDE <\/a><\/p>\n","protected":false},"excerpt":{"rendered":"<p>Vy\u0161el prvn\u00ed z\u00e1pis VV PKAS 1\/20 Vy\u0161el z\u00e1pis z jedn\u00e1n\u00ed VV PKAS, kter\u00e9 se uskute\u010dnilo 6.2. 2020 v Plzni. Projednan\u00e9 body p\u0159in\u00e1\u0161\u00edme ZDE<\/p>\n","protected":false},"author":2,"featured_media":719,"comment_status":"closed","ping_status":"closed","sticky":false,"template":"","format":"standard","meta":{"footnotes":""},"categories":[1],"tags":[],"jetpack_sharing_enabled":true,"jetpack_featured_media_url":"http:\/\/pkas.cz\/wp-content\/uploads\/2020\/01\/PKAS_square-e1582581538755.png","_links":{"self":[{"href":"http:\/\/pkas.cz\/index.php?rest_route=\/wp\/v2\/posts\/822"}],"collection":[{"href":"http:\/\/pkas.cz\/index.php?rest_route=\/wp\/v2\/posts"}],"about":[{"href":"http:\/\/pkas.cz\/index.php?rest_route=\/wp\/v2\/types\/post"}],"author":[{"embeddable":true,"href":"http:\/\/pkas.cz\/index.php?rest_route=\/wp\/v2\/users\/2"}],"replies":[{"embeddable":true,"href":"http:\/\/pkas.cz\/index.php?rest_route=%2Fwp%2Fv2%2Fcomments&post=822"}],"version-history":[{"count":2,"href":"http:\/\/pkas.cz\/index.php?rest_route=\/wp\/v2\/posts\/822\/revisions"}],"predecessor-version":[{"id":825,"href":"http:\/\/pkas.cz\/index.php?rest_route=\/wp\/v2\/posts\/822\/revisions\/825"}],"wp:featuredmedia":[{"embeddable":true,"href":"http:\/\/pkas.cz\/index.php?rest_route=\/wp\/v2\/media\/719"}],"wp:attachment":[{"href":"http:\/\/pkas.cz\/index.php?rest_route=%2Fwp%2Fv2%2Fmedia&parent=822"}],"wp:term":[{"taxonomy":"category","embeddable":true,"href":"http:\/\/pkas.cz\/index.php?rest_route=%2Fwp%2Fv2%2Fcategories&post=822"},{"taxonomy":"post_tag","embeddable":true,"href":"http:\/\/pkas.cz\/index.php?rest_route=%2Fwp%2Fv2%2Ftags&post=822"}],"curies":[{"name":"wp","href":"https:\/\/api.w.org\/{rel}","templated":true}]}}