{"id":801,"date":"2020-02-19T07:34:21","date_gmt":"2020-02-19T06:34:21","guid":{"rendered":"http:\/\/pkas.cz\/?p=801"},"modified":"2020-02-19T07:37:02","modified_gmt":"2020-02-19T06:37:02","slug":"pozvanka-na-vh-pkas","status":"publish","type":"post","link":"http:\/\/pkas.cz\/?p=801","title":{"rendered":"Pozv\u00e1nka na VH PKAS"},"content":{"rendered":"\n<h2 class=\"wp-block-heading\">Pozv\u00e1nka na VH PKAS<\/h2>\n\n\n\n<figure class=\"wp-block-image size-large is-resized\"><img loading=\"lazy\" decoding=\"async\" src=\"http:\/\/pkas.cz\/wp-content\/uploads\/2020\/01\/PKAS_logo-pr\u016fhledn\u00fd.png\" alt=\"logo_new\" class=\"wp-image-717\" width=\"343\" height=\"206\" srcset=\"http:\/\/pkas.cz\/wp-content\/uploads\/2020\/01\/PKAS_logo-pr\u016fhledn\u00fd.png 533w, http:\/\/pkas.cz\/wp-content\/uploads\/2020\/01\/PKAS_logo-pr\u016fhledn\u00fd-300x181.png 300w\" sizes=\"(max-width: 343px) 100vw, 343px\" \/><figcaption>Nov\u00e9 logo PKAS<\/figcaption><\/figure>\n\n\n\n<p><strong> Datum: 20. 3. 2020 <\/strong><\/p>\n\n\n\n<p><strong>M\u00edsto: Pivovar u P\u0159e\u0161ka, Masarykovo n\u00e1m. 311, 334 01 P\u0159e\u0161tice <\/strong><\/p>\n\n\n\n<p><strong>\u010cas: 17 hodin<\/strong> <\/p>\n\n\n\n<p>Program: <\/p>\n\n\n\n<p>1. Prezentace a zah\u00e1jen\u00ed <\/p>\n\n\n\n<p>2. Volba p\u0159edsedaj\u00edc\u00edho, skrut\u00e1tor\u016f, mand\u00e1tov\u00e9 komise, n\u00e1vrhov\u00e9 komise <\/p>\n\n\n\n<p>3. Zpr\u00e1va o \u010dinnosti KAS a VV KAS za obdob\u00ed 2019 <\/p>\n\n\n\n<p>4. Zpr\u00e1va hospod\u00e1\u0159e, projedn\u00e1n\u00ed \u00fa\u010detn\u00ed z\u00e1v\u011brky KAS <\/p>\n\n\n\n<p>5. Zpr\u00e1va revizora &#8211; projedn\u00e1n\u00ed <\/p>\n\n\n\n<p>6. N\u00e1vrhu rozpo\u010dtu KAS na rok 2020 \u2013 projedn\u00e1n\u00ed <\/p>\n\n\n\n<p>7. Zpr\u00e1va komise rozhod\u010d\u00edch <\/p>\n\n\n\n<p>8. Diskuse <\/p>\n\n\n\n<p>9. Usnesen\u00ed VH <\/p>\n\n\n\n<p>10. Z\u00e1v\u011br<\/p>\n\n\n\n<p> 11. Ob\u010derstven\u00ed <\/p>\n\n\n\n<p>Pr\u00e1vo \u00fa\u010dasti na VH maj\u00ed pouze statut\u00e1rn\u00ed z\u00e1stupci klub\u016f, p\u0159\u00edpadn\u011b pov\u011b\u0159en\u00e9 osoby na z\u00e1klad\u011b pln\u00e9 moci.<\/p>\n\n\n\n<p>V Plzni, dne 18. 2. 2020 <\/p>\n\n\n\n<p>P\u0159edseda Plz. KAS, Petr Konop  <\/p>\n\n\n\n<p>Po\u010dty deleg\u00e1t\u016f:<\/p>\n\n\n\n<p> Po\u010det AO\/AK: 22 <\/p>\n\n\n\n<p>Po\u010det deleg\u00e1t\u016f: 28 <\/p>\n\n\n\n<p>Pozvan\u00e9 kluby Plz. KAS: <\/p>\n\n\n\n<p>AK \u0160koda Plze\u0148 &#8211; 5 deleg\u00e1t\u016f <\/p>\n\n\n\n<p>TJ Sokol SG Plze\u0148 &#8211; Pet\u0159\u00edn &#8211; 2 deleg\u00e1ty <\/p>\n\n\n\n<p>TJ Ban\u00edk St\u0159\u00edbro &#8211; 2 deleg\u00e1ty <\/p>\n\n\n\n<p>Ostatn\u00ed kluby v kraji v\u017edy jednoho deleg\u00e1ta: <\/p>\n\n\n\n<p>ACK Doma\u017elice, z.s. <\/p>\n\n\n\n<p>Atletika Klatovy<\/p>\n\n\n\n<p> DDM Kralovice <\/p>\n\n\n\n<p>DDM Tachov <\/p>\n\n\n\n<p>AC Doma\u017elice, z. s.<\/p>\n\n\n\n<p> SC MARATHON PLZE\u0147,z.s. <\/p>\n\n\n\n<p>M\u00cdLA\u0158I Doma\u017elice <\/p>\n\n\n\n<p>ATLETCLUB N\u00fd\u0159any, z.s.<\/p>\n\n\n\n<p> DDM Stod <\/p>\n\n\n\n<p>Plze\u0148sk\u00e1 sportovn\u00ed o.p.s. <\/p>\n\n\n\n<p>\u0160AK p\u0159i Z\u0160 P\u0159e\u0161tice <\/p>\n\n\n\n<p>Rozb\u011bh\u00e1me \u010cesko, z.\u00fa <\/p>\n\n\n\n<p>AC Falcon Rokycany z.s. <\/p>\n\n\n\n<p>T\u011blocvi\u010dn\u00e1 jednota Sokol Plze\u0148 1 <\/p>\n\n\n\n<p>TJ Su\u0161ice, z.s. <\/p>\n\n\n\n<p>TJ Slavoj Tachov, z. s. <\/p>\n\n\n\n<p>TJ Dob\u0159any z.s. <\/p>\n\n\n\n<p>TJ N\u00fdrsko <\/p>\n\n\n\n<p>AKM Viktoria Plze\u0148 <\/p>\n","protected":false},"excerpt":{"rendered":"<p>Pozv\u00e1nka na VH PKAS Datum: 20. 3. 2020 M\u00edsto: Pivovar u P\u0159e\u0161ka, Masarykovo n\u00e1m. 311, 334 01 P\u0159e\u0161tice \u010cas: 17 hodin Program: 1. Prezentace a&hellip;<\/p>\n","protected":false},"author":2,"featured_media":717,"comment_status":"closed","ping_status":"closed","sticky":false,"template":"","format":"standard","meta":{"footnotes":""},"categories":[1],"tags":[],"jetpack_sharing_enabled":true,"jetpack_featured_media_url":"http:\/\/pkas.cz\/wp-content\/uploads\/2020\/01\/PKAS_logo-pr\u016fhledn\u00fd.png","_links":{"self":[{"href":"http:\/\/pkas.cz\/index.php?rest_route=\/wp\/v2\/posts\/801"}],"collection":[{"href":"http:\/\/pkas.cz\/index.php?rest_route=\/wp\/v2\/posts"}],"about":[{"href":"http:\/\/pkas.cz\/index.php?rest_route=\/wp\/v2\/types\/post"}],"author":[{"embeddable":true,"href":"http:\/\/pkas.cz\/index.php?rest_route=\/wp\/v2\/users\/2"}],"replies":[{"embeddable":true,"href":"http:\/\/pkas.cz\/index.php?rest_route=%2Fwp%2Fv2%2Fcomments&post=801"}],"version-history":[{"count":2,"href":"http:\/\/pkas.cz\/index.php?rest_route=\/wp\/v2\/posts\/801\/revisions"}],"predecessor-version":[{"id":803,"href":"http:\/\/pkas.cz\/index.php?rest_route=\/wp\/v2\/posts\/801\/revisions\/803"}],"wp:featuredmedia":[{"embeddable":true,"href":"http:\/\/pkas.cz\/index.php?rest_route=\/wp\/v2\/media\/717"}],"wp:attachment":[{"href":"http:\/\/pkas.cz\/index.php?rest_route=%2Fwp%2Fv2%2Fmedia&parent=801"}],"wp:term":[{"taxonomy":"category","embeddable":true,"href":"http:\/\/pkas.cz\/index.php?rest_route=%2Fwp%2Fv2%2Fcategories&post=801"},{"taxonomy":"post_tag","embeddable":true,"href":"http:\/\/pkas.cz\/index.php?rest_route=%2Fwp%2Fv2%2Ftags&post=801"}],"curies":[{"name":"wp","href":"https:\/\/api.w.org\/{rel}","templated":true}]}}