{"id":799,"date":"2020-02-16T23:06:00","date_gmt":"2020-02-16T22:06:00","guid":{"rendered":"http:\/\/pkas.cz\/?p=799"},"modified":"2020-02-20T07:22:54","modified_gmt":"2020-02-20T06:22:54","slug":"om-pkas-zactva-prilakalo-do-stromovky-na-600-zavodniku","status":"publish","type":"post","link":"http:\/\/pkas.cz\/?p=799","title":{"rendered":"OM PKAS \u017eactva p\u0159il\u00e1kalo do Stromovky na 600 z\u00e1vodn\u00edk\u016f"},"content":{"rendered":"\n<h2 class=\"wp-block-heading\">OM PKAS \u017eactva p\u0159il\u00e1kalo do Stromovky na 600 z\u00e1vodn\u00edk\u016f<\/h2>\n\n\n\n<figure class=\"wp-block-image size-large\"><img loading=\"lazy\" decoding=\"async\" width=\"1024\" height=\"800\" src=\"http:\/\/pkas.cz\/wp-content\/uploads\/2020\/02\/stribro-1024x800.jpg\" alt=\"\" class=\"wp-image-819\" srcset=\"http:\/\/pkas.cz\/wp-content\/uploads\/2020\/02\/stribro-1024x800.jpg 1024w, http:\/\/pkas.cz\/wp-content\/uploads\/2020\/02\/stribro-300x234.jpg 300w, http:\/\/pkas.cz\/wp-content\/uploads\/2020\/02\/stribro-768x600.jpg 768w, http:\/\/pkas.cz\/wp-content\/uploads\/2020\/02\/stribro-1536x1199.jpg 1536w, http:\/\/pkas.cz\/wp-content\/uploads\/2020\/02\/stribro.jpg 2048w\" sizes=\"(max-width: 1024px) 100vw, 1024px\" \/><figcaption>Atletick\u00e1 v\u00fdprava ze St\u0159\u00edbra, zdroj Veronika Matulkov\u00e1<\/figcaption><\/figure>\n\n\n\n<p>V ned\u011bli 16.2. se v Praze ve Stromovce uskute\u010dnilo halov\u00e9 mistrovstv\u00ed Plze\u0148sk\u00e9ho kraje \u017eactva. Po\u0159adatel\u00e9 m\u011bli zamotanou hlavu, jeliko\u017e se p\u0159ihl\u00e1silo velk\u00e9 mno\u017estv\u00ed z\u00e1vodn\u00edk\u016f. Nakonec bylo k vid\u011bn\u00ed na startu 600 z\u00e1vodn\u00edk\u016f v 1082 startech. Rekordn\u00ed byla i odd\u00edlov\u00e1 p\u0159\u00edslu\u0161nost. Celkem 61 klub\u016f. <\/p>\n\n\n\n<p><a href=\"https:\/\/online.atletika.cz\/vysledky\/41419\/0\/2\">V\u00ddSLEDKY V P\u0158EHLEDU   <\/a><\/p>\n\n\n\n<figure class=\"wp-block-image size-large\"><img loading=\"lazy\" decoding=\"async\" width=\"960\" height=\"943\" src=\"http:\/\/pkas.cz\/wp-content\/uploads\/2020\/02\/skodaplzenom.jpg\" alt=\"\" class=\"wp-image-818\" srcset=\"http:\/\/pkas.cz\/wp-content\/uploads\/2020\/02\/skodaplzenom.jpg 960w, http:\/\/pkas.cz\/wp-content\/uploads\/2020\/02\/skodaplzenom-300x295.jpg 300w, http:\/\/pkas.cz\/wp-content\/uploads\/2020\/02\/skodaplzenom-768x754.jpg 768w\" sizes=\"(max-width: 960px) 100vw, 960px\" \/><figcaption><br>Atletick\u00e1 v\u00fdprava \u0160kody Plze\u0148, zdroj AK \u0160KODA <\/figcaption><\/figure>\n\n\n\n<figure class=\"wp-block-image size-large\"><img loading=\"lazy\" decoding=\"async\" width=\"1024\" height=\"768\" src=\"http:\/\/pkas.cz\/wp-content\/uploads\/2020\/02\/zactvoACDomazlice-1024x768.jpg\" alt=\"\" class=\"wp-image-820\" srcset=\"http:\/\/pkas.cz\/wp-content\/uploads\/2020\/02\/zactvoACDomazlice-1024x768.jpg 1024w, http:\/\/pkas.cz\/wp-content\/uploads\/2020\/02\/zactvoACDomazlice-300x225.jpg 300w, http:\/\/pkas.cz\/wp-content\/uploads\/2020\/02\/zactvoACDomazlice-768x576.jpg 768w, http:\/\/pkas.cz\/wp-content\/uploads\/2020\/02\/zactvoACDomazlice-1536x1152.jpg 1536w, http:\/\/pkas.cz\/wp-content\/uploads\/2020\/02\/zactvoACDomazlice.jpg 2048w\" sizes=\"(max-width: 1024px) 100vw, 1024px\" \/><figcaption><br>Atletick\u00e1 v\u00fdprava AC Doma\u017elice, zdroj AC Doma\u017elice<\/figcaption><\/figure>\n","protected":false},"excerpt":{"rendered":"<p>OM PKAS \u017eactva p\u0159il\u00e1kalo do Stromovky na 600 z\u00e1vodn\u00edk\u016f V ned\u011bli 16.2. se v Praze ve Stromovce uskute\u010dnilo halov\u00e9 mistrovstv\u00ed Plze\u0148sk\u00e9ho kraje \u017eactva. Po\u0159adatel\u00e9 m\u011bli&hellip;<\/p>\n","protected":false},"author":2,"featured_media":819,"comment_status":"closed","ping_status":"closed","sticky":false,"template":"","format":"standard","meta":{"footnotes":""},"categories":[1],"tags":[],"jetpack_sharing_enabled":true,"jetpack_featured_media_url":"http:\/\/pkas.cz\/wp-content\/uploads\/2020\/02\/stribro.jpg","_links":{"self":[{"href":"http:\/\/pkas.cz\/index.php?rest_route=\/wp\/v2\/posts\/799"}],"collection":[{"href":"http:\/\/pkas.cz\/index.php?rest_route=\/wp\/v2\/posts"}],"about":[{"href":"http:\/\/pkas.cz\/index.php?rest_route=\/wp\/v2\/types\/post"}],"author":[{"embeddable":true,"href":"http:\/\/pkas.cz\/index.php?rest_route=\/wp\/v2\/users\/2"}],"replies":[{"embeddable":true,"href":"http:\/\/pkas.cz\/index.php?rest_route=%2Fwp%2Fv2%2Fcomments&post=799"}],"version-history":[{"count":2,"href":"http:\/\/pkas.cz\/index.php?rest_route=\/wp\/v2\/posts\/799\/revisions"}],"predecessor-version":[{"id":821,"href":"http:\/\/pkas.cz\/index.php?rest_route=\/wp\/v2\/posts\/799\/revisions\/821"}],"wp:featuredmedia":[{"embeddable":true,"href":"http:\/\/pkas.cz\/index.php?rest_route=\/wp\/v2\/media\/819"}],"wp:attachment":[{"href":"http:\/\/pkas.cz\/index.php?rest_route=%2Fwp%2Fv2%2Fmedia&parent=799"}],"wp:term":[{"taxonomy":"category","embeddable":true,"href":"http:\/\/pkas.cz\/index.php?rest_route=%2Fwp%2Fv2%2Fcategories&post=799"},{"taxonomy":"post_tag","embeddable":true,"href":"http:\/\/pkas.cz\/index.php?rest_route=%2Fwp%2Fv2%2Ftags&post=799"}],"curies":[{"name":"wp","href":"https:\/\/api.w.org\/{rel}","templated":true}]}}