{"id":785,"date":"2020-02-13T09:04:00","date_gmt":"2020-02-13T08:04:00","guid":{"rendered":"http:\/\/pkas.cz\/?p=785"},"modified":"2020-02-14T09:04:50","modified_gmt":"2020-02-14T08:04:50","slug":"stadion-ve-skvrnanech-bude-opet-vylepsen","status":"publish","type":"post","link":"http:\/\/pkas.cz\/?p=785","title":{"rendered":"Stadion ve Skvr\u0148anech bude op\u011bt vylep\u0161en"},"content":{"rendered":"\n<h2 class=\"wp-block-heading\">Stadion ve Skvr\u0148anech bude op\u011bt vylep\u0161en <\/h2>\n\n\n\n<figure class=\"wp-block-image size-large\"><img loading=\"lazy\" decoding=\"async\" width=\"561\" height=\"427\" src=\"http:\/\/pkas.cz\/wp-content\/uploads\/2020\/02\/stadion-skvrnany.jpg\" alt=\"\" class=\"wp-image-786\" srcset=\"http:\/\/pkas.cz\/wp-content\/uploads\/2020\/02\/stadion-skvrnany.jpg 561w, http:\/\/pkas.cz\/wp-content\/uploads\/2020\/02\/stadion-skvrnany-300x228.jpg 300w\" sizes=\"(max-width: 561px) 100vw, 561px\" \/><\/figure>\n\n\n\n<p>M\u011bsto Plze\u0148 po\u010d\u00edt\u00e1 v rozpo\u010dtu s investicemi na stadion ve Skvr\u0148anech ve v\u00fd\u0161i  29 miliony korun. <\/p>\n\n\n\n<p> B\u011bhem leto\u0161n\u00edho roku dojde k roz\u0161\u00ed\u0159en\u00ed takzvan\u00e9 rozcvi\u010dovny za 25 mil. Pod\u00e9l b\u011b\u017eeck\u00e9ho tunelu vzniknou nov\u00e9 kryt\u00e9 sektory pro tr\u00e9nink ty\u010dky, v\u00fd\u0161ky a vrhu koul\u00ed. D\u00e1le zde bude odhodov\u00e1 s\u00ed\u0165 pro tr\u00e9nink\u00a0vrha\u010d\u016f i speci\u00e1ln\u00ed odhodov\u00e1 s\u00ed\u0165 s rozb\u011bhem pro o\u0161t\u011bpa\u0159e. <\/p>\n\n\n\n<p>Dojde t\u00e9\u017e k roz\u0161\u00ed\u0159en\u00ed a vylep\u0161en\u00ed st\u00e1vaj\u00edc\u00ed regenerace v prostorech hlavn\u00ed tribuny za 3 mil.<\/p>\n\n\n\n<p>V roce 2020 zapo\u010dne i realizace projektov\u00e9 dokumentace na v\u00fdstavbu v\u00fdchodn\u00ed tribuny pod\u00e9l protilehl\u00e9 rovinky. <\/p>\n\n\n\n<p>Dodejme, \u017ee v lednu se na stadionu otev\u0159ela nov\u011b postaven\u00e1 kav\u00e1rna BOMBA, kde lid\u00e9 najdou z\u00e1zem\u00ed a ob\u010derstven\u00ed b\u011bhem cel\u00e9ho t\u00fddne.<\/p>\n\n\n\n<p>Dojdeme, \u017ee letos Plze\u0148 uvid\u00ed i tu nejlep\u0161\u00ed atletiku. Po 5 letech se do Plzn\u011b vrac\u00ed i dosp\u011bl\u00fd \u0161ampion\u00e1t, kter\u00fd se bude konat na konci \u010dervna. Navazuje t\u00edm na tradici mistrovstv\u00ed v Plzni v olympijsk\u00e9m roce, kter\u00e1 se zde konala v roce 2004 a 2008.<\/p>\n\n\n\n<p>Zdroj informac\u00ed Facebook AK \u0160KODA Plze\u0148<\/p>\n","protected":false},"excerpt":{"rendered":"<p>Stadion ve Skvr\u0148anech bude op\u011bt vylep\u0161en M\u011bsto Plze\u0148 po\u010d\u00edt\u00e1 v rozpo\u010dtu s investicemi na stadion ve Skvr\u0148anech ve v\u00fd\u0161i 29 miliony korun. B\u011bhem leto\u0161n\u00edho roku&hellip;<\/p>\n","protected":false},"author":2,"featured_media":786,"comment_status":"closed","ping_status":"closed","sticky":false,"template":"","format":"standard","meta":{"footnotes":""},"categories":[1],"tags":[],"jetpack_sharing_enabled":true,"jetpack_featured_media_url":"http:\/\/pkas.cz\/wp-content\/uploads\/2020\/02\/stadion-skvrnany.jpg","_links":{"self":[{"href":"http:\/\/pkas.cz\/index.php?rest_route=\/wp\/v2\/posts\/785"}],"collection":[{"href":"http:\/\/pkas.cz\/index.php?rest_route=\/wp\/v2\/posts"}],"about":[{"href":"http:\/\/pkas.cz\/index.php?rest_route=\/wp\/v2\/types\/post"}],"author":[{"embeddable":true,"href":"http:\/\/pkas.cz\/index.php?rest_route=\/wp\/v2\/users\/2"}],"replies":[{"embeddable":true,"href":"http:\/\/pkas.cz\/index.php?rest_route=%2Fwp%2Fv2%2Fcomments&post=785"}],"version-history":[{"count":1,"href":"http:\/\/pkas.cz\/index.php?rest_route=\/wp\/v2\/posts\/785\/revisions"}],"predecessor-version":[{"id":787,"href":"http:\/\/pkas.cz\/index.php?rest_route=\/wp\/v2\/posts\/785\/revisions\/787"}],"wp:featuredmedia":[{"embeddable":true,"href":"http:\/\/pkas.cz\/index.php?rest_route=\/wp\/v2\/media\/786"}],"wp:attachment":[{"href":"http:\/\/pkas.cz\/index.php?rest_route=%2Fwp%2Fv2%2Fmedia&parent=785"}],"wp:term":[{"taxonomy":"category","embeddable":true,"href":"http:\/\/pkas.cz\/index.php?rest_route=%2Fwp%2Fv2%2Fcategories&post=785"},{"taxonomy":"post_tag","embeddable":true,"href":"http:\/\/pkas.cz\/index.php?rest_route=%2Fwp%2Fv2%2Ftags&post=785"}],"curies":[{"name":"wp","href":"https:\/\/api.w.org\/{rel}","templated":true}]}}