{"id":779,"date":"2020-02-14T07:20:29","date_gmt":"2020-02-14T06:20:29","guid":{"rendered":"http:\/\/pkas.cz\/?p=779"},"modified":"2020-02-15T06:18:51","modified_gmt":"2020-02-15T05:18:51","slug":"nevybrani-zavodnici-na-om-pkas-zactva","status":"publish","type":"post","link":"http:\/\/pkas.cz\/?p=779","title":{"rendered":"Nevybran\u00ed z\u00e1vodn\u00edci na OM PKAS \u017eactva a nov\u00fd \u010dasov\u00fd po\u0159ad"},"content":{"rendered":"\n<h2 class=\"wp-block-heading\">Nevybran\u00ed z\u00e1vodn\u00edci na OM PKAS \u017eactva a nov\u00fd \u010dasov\u00fd po\u0159ad<\/h2>\n\n\n\n<figure class=\"wp-block-image size-large\"><img loading=\"lazy\" decoding=\"async\" width=\"533\" height=\"321\" src=\"http:\/\/pkas.cz\/wp-content\/uploads\/2020\/01\/PKAS_logo-pr\u016fhledn\u00fd.png\" alt=\"logo_new\" class=\"wp-image-717\" srcset=\"http:\/\/pkas.cz\/wp-content\/uploads\/2020\/01\/PKAS_logo-pr\u016fhledn\u00fd.png 533w, http:\/\/pkas.cz\/wp-content\/uploads\/2020\/01\/PKAS_logo-pr\u016fhledn\u00fd-300x181.png 300w\" sizes=\"(max-width: 533px) 100vw, 533px\" \/><figcaption>Nov\u00e9 logo PKAS<\/figcaption><\/figure>\n\n\n\n<p>Techni\u010dt\u00ed deleg\u00e1ti nevybrali \u0159adu z\u00e1vodn\u00edk\u016f na OM \u017eactva. P\u0159ehled vy\u0159azen\u00fdch z\u00e1vodn\u00edk\u016f <a href=\"https:\/\/www.atletika.cz\/_sys_\/FileStorage\/download\/17\/16355\/seznam-vyrazenych2.pdf\">ZDE<\/a><\/p>\n\n\n\n<p>Z\u00e1rove\u0148 vzhledem k velk\u00e9mu po\u010dtu p\u0159ihl\u00e1\u0161en\u00fdch z\u00e1vodn\u00edk\u016f upravili \u010dasov\u00fd po\u0159ad.<\/p>\n\n\n\n<p>Nov\u00fd \u010dasov\u00fd po\u0159ad <a href=\"https:\/\/www.atletika.cz\/_sys_\/FileStorage\/download\/17\/16356\/casak-hala-zactvo.pdf\">ZDE<\/a> <\/p>\n","protected":false},"excerpt":{"rendered":"<p>Nevybran\u00ed z\u00e1vodn\u00edci na OM PKAS \u017eactva a nov\u00fd \u010dasov\u00fd po\u0159ad Techni\u010dt\u00ed deleg\u00e1ti nevybrali \u0159adu z\u00e1vodn\u00edk\u016f na OM \u017eactva. P\u0159ehled vy\u0159azen\u00fdch z\u00e1vodn\u00edk\u016f ZDE Z\u00e1rove\u0148 vzhledem k&hellip;<\/p>\n","protected":false},"author":2,"featured_media":717,"comment_status":"closed","ping_status":"closed","sticky":false,"template":"","format":"standard","meta":{"footnotes":""},"categories":[1],"tags":[],"jetpack_sharing_enabled":true,"jetpack_featured_media_url":"http:\/\/pkas.cz\/wp-content\/uploads\/2020\/01\/PKAS_logo-pr\u016fhledn\u00fd.png","_links":{"self":[{"href":"http:\/\/pkas.cz\/index.php?rest_route=\/wp\/v2\/posts\/779"}],"collection":[{"href":"http:\/\/pkas.cz\/index.php?rest_route=\/wp\/v2\/posts"}],"about":[{"href":"http:\/\/pkas.cz\/index.php?rest_route=\/wp\/v2\/types\/post"}],"author":[{"embeddable":true,"href":"http:\/\/pkas.cz\/index.php?rest_route=\/wp\/v2\/users\/2"}],"replies":[{"embeddable":true,"href":"http:\/\/pkas.cz\/index.php?rest_route=%2Fwp%2Fv2%2Fcomments&post=779"}],"version-history":[{"count":2,"href":"http:\/\/pkas.cz\/index.php?rest_route=\/wp\/v2\/posts\/779\/revisions"}],"predecessor-version":[{"id":791,"href":"http:\/\/pkas.cz\/index.php?rest_route=\/wp\/v2\/posts\/779\/revisions\/791"}],"wp:featuredmedia":[{"embeddable":true,"href":"http:\/\/pkas.cz\/index.php?rest_route=\/wp\/v2\/media\/717"}],"wp:attachment":[{"href":"http:\/\/pkas.cz\/index.php?rest_route=%2Fwp%2Fv2%2Fmedia&parent=779"}],"wp:term":[{"taxonomy":"category","embeddable":true,"href":"http:\/\/pkas.cz\/index.php?rest_route=%2Fwp%2Fv2%2Fcategories&post=779"},{"taxonomy":"post_tag","embeddable":true,"href":"http:\/\/pkas.cz\/index.php?rest_route=%2Fwp%2Fv2%2Ftags&post=779"}],"curies":[{"name":"wp","href":"https:\/\/api.w.org\/{rel}","templated":true}]}}