{"id":771,"date":"2020-02-10T12:00:00","date_gmt":"2020-02-10T11:00:00","guid":{"rendered":"http:\/\/pkas.cz\/?p=771"},"modified":"2020-02-09T23:39:36","modified_gmt":"2020-02-09T22:39:36","slug":"oblastni-prebor-nejmladsich-pripravek-sk-c","status":"publish","type":"post","link":"http:\/\/pkas.cz\/?p=771","title":{"rendered":"Oblastn\u00ed p\u0159ebor nejmlad\u0161\u00edch p\u0159\u00edpravek sk. C"},"content":{"rendered":"\n<h2 class=\"wp-block-heading\">Oblastn\u00ed p\u0159ebor nejmlad\u0161\u00edch p\u0159\u00edpravek sk. C<\/h2>\n\n\n\n<figure class=\"wp-block-image size-large\"><img loading=\"lazy\" decoding=\"async\" width=\"1024\" height=\"768\" src=\"http:\/\/pkas.cz\/wp-content\/uploads\/2020\/02\/IMG_20200209_114515_1-1024x768.jpg\" alt=\"\" class=\"wp-image-774\" srcset=\"http:\/\/pkas.cz\/wp-content\/uploads\/2020\/02\/IMG_20200209_114515_1-1024x768.jpg 1024w, http:\/\/pkas.cz\/wp-content\/uploads\/2020\/02\/IMG_20200209_114515_1-300x225.jpg 300w, http:\/\/pkas.cz\/wp-content\/uploads\/2020\/02\/IMG_20200209_114515_1-768x576.jpg 768w, http:\/\/pkas.cz\/wp-content\/uploads\/2020\/02\/IMG_20200209_114515_1-1536x1152.jpg 1536w, http:\/\/pkas.cz\/wp-content\/uploads\/2020\/02\/IMG_20200209_114515_1-2048x1536.jpg 2048w\" sizes=\"(max-width: 1024px) 100vw, 1024px\" \/><figcaption>VYHL\u00c1\u0160EN\u00cd  jedn\u00e9 z kategori\u00ed<\/figcaption><\/figure>\n\n\n\n<p>V ned\u011bli 9.2. odstartoval prvn\u00ed ze s\u00e9rie t\u0159\u00ed oblastn\u00edch mistrovstv\u00ed nejmlad\u0161\u00edch \u017e\u00e1k\u016f ro\u010d. 2011 a mlad\u0161\u00ed. Na programu byla skupina C za \u00fa\u010dasti po\u0159adatelsk\u00e9ho klubu AC Doma\u017elice a M\u00edla\u0159\u016f Doma\u017elice, Atletiky Klatovy, TJ Su\u0161ice a \u0160AKu P\u0159e\u0161tice.  <\/p>\n\n\n\n<p><a href=\"http:\/\/pkas.cz\/wp-content\/uploads\/2020\/02\/HALA_9_2_2020.xls\">V\u00ddSLEDKY V TABULCE<\/a><\/p>\n\n\n\n<figure class=\"wp-block-image size-large\"><img loading=\"lazy\" decoding=\"async\" width=\"1024\" height=\"768\" src=\"http:\/\/pkas.cz\/wp-content\/uploads\/2020\/02\/IMG_20200209_1105311-1024x768.jpg\" alt=\"\" class=\"wp-image-776\" srcset=\"http:\/\/pkas.cz\/wp-content\/uploads\/2020\/02\/IMG_20200209_1105311-1024x768.jpg 1024w, http:\/\/pkas.cz\/wp-content\/uploads\/2020\/02\/IMG_20200209_1105311-300x225.jpg 300w, http:\/\/pkas.cz\/wp-content\/uploads\/2020\/02\/IMG_20200209_1105311-768x576.jpg 768w, http:\/\/pkas.cz\/wp-content\/uploads\/2020\/02\/IMG_20200209_1105311-1536x1152.jpg 1536w, http:\/\/pkas.cz\/wp-content\/uploads\/2020\/02\/IMG_20200209_1105311-2048x1536.jpg 2048w\" sizes=\"(max-width: 1024px) 100vw, 1024px\" \/><figcaption>Momenty ze z\u00e1vod\u016f<\/figcaption><\/figure>\n\n\n\n<figure class=\"wp-block-image size-large\"><img loading=\"lazy\" decoding=\"async\" width=\"1024\" height=\"768\" src=\"http:\/\/pkas.cz\/wp-content\/uploads\/2020\/02\/IMG_20200209_1052471-1024x768.jpg\" alt=\"\" class=\"wp-image-775\" srcset=\"http:\/\/pkas.cz\/wp-content\/uploads\/2020\/02\/IMG_20200209_1052471-1024x768.jpg 1024w, http:\/\/pkas.cz\/wp-content\/uploads\/2020\/02\/IMG_20200209_1052471-300x225.jpg 300w, http:\/\/pkas.cz\/wp-content\/uploads\/2020\/02\/IMG_20200209_1052471-768x576.jpg 768w, http:\/\/pkas.cz\/wp-content\/uploads\/2020\/02\/IMG_20200209_1052471-1536x1152.jpg 1536w, http:\/\/pkas.cz\/wp-content\/uploads\/2020\/02\/IMG_20200209_1052471-2048x1536.jpg 2048w\" sizes=\"(max-width: 1024px) 100vw, 1024px\" \/><figcaption>Momenty ze z\u00e1vod\u016f<\/figcaption><\/figure>\n","protected":false},"excerpt":{"rendered":"<p>Oblastn\u00ed p\u0159ebor nejmlad\u0161\u00edch p\u0159\u00edpravek sk. C V ned\u011bli 9.2. odstartoval prvn\u00ed ze s\u00e9rie t\u0159\u00ed oblastn\u00edch mistrovstv\u00ed nejmlad\u0161\u00edch \u017e\u00e1k\u016f ro\u010d. 2011 a mlad\u0161\u00ed. Na programu byla&hellip;<\/p>\n","protected":false},"author":2,"featured_media":774,"comment_status":"closed","ping_status":"closed","sticky":false,"template":"","format":"standard","meta":{"footnotes":""},"categories":[1],"tags":[],"jetpack_sharing_enabled":true,"jetpack_featured_media_url":"http:\/\/pkas.cz\/wp-content\/uploads\/2020\/02\/IMG_20200209_114515_1-scaled.jpg","_links":{"self":[{"href":"http:\/\/pkas.cz\/index.php?rest_route=\/wp\/v2\/posts\/771"}],"collection":[{"href":"http:\/\/pkas.cz\/index.php?rest_route=\/wp\/v2\/posts"}],"about":[{"href":"http:\/\/pkas.cz\/index.php?rest_route=\/wp\/v2\/types\/post"}],"author":[{"embeddable":true,"href":"http:\/\/pkas.cz\/index.php?rest_route=\/wp\/v2\/users\/2"}],"replies":[{"embeddable":true,"href":"http:\/\/pkas.cz\/index.php?rest_route=%2Fwp%2Fv2%2Fcomments&post=771"}],"version-history":[{"count":3,"href":"http:\/\/pkas.cz\/index.php?rest_route=\/wp\/v2\/posts\/771\/revisions"}],"predecessor-version":[{"id":778,"href":"http:\/\/pkas.cz\/index.php?rest_route=\/wp\/v2\/posts\/771\/revisions\/778"}],"wp:featuredmedia":[{"embeddable":true,"href":"http:\/\/pkas.cz\/index.php?rest_route=\/wp\/v2\/media\/774"}],"wp:attachment":[{"href":"http:\/\/pkas.cz\/index.php?rest_route=%2Fwp%2Fv2%2Fmedia&parent=771"}],"wp:term":[{"taxonomy":"category","embeddable":true,"href":"http:\/\/pkas.cz\/index.php?rest_route=%2Fwp%2Fv2%2Fcategories&post=771"},{"taxonomy":"post_tag","embeddable":true,"href":"http:\/\/pkas.cz\/index.php?rest_route=%2Fwp%2Fv2%2Ftags&post=771"}],"curies":[{"name":"wp","href":"https:\/\/api.w.org\/{rel}","templated":true}]}}