{"id":762,"date":"2020-02-09T23:05:54","date_gmt":"2020-02-09T22:05:54","guid":{"rendered":"http:\/\/pkas.cz\/?p=762"},"modified":"2020-02-14T09:05:52","modified_gmt":"2020-02-14T08:05:52","slug":"mcr-ve-vicebojich-tri-dny-tri-medaile-krajske-rekordy","status":"publish","type":"post","link":"http:\/\/pkas.cz\/?p=762","title":{"rendered":"M\u010cR ve v\u00edceboj\u00edch &#8211; T\u0159i dny = t\u0159i medaile = t\u0159i krajsk\u00e9 rekordy"},"content":{"rendered":"\n<h2 class=\"wp-block-heading\">M\u010cR ve v\u00edceboj\u00edch &#8211; T\u0159i dny = t\u0159i medaile = t\u0159i krajsk\u00e9 rekordy<\/h2>\n\n\n\n<figure class=\"wp-block-image size-large\"><img loading=\"lazy\" decoding=\"async\" width=\"960\" height=\"960\" src=\"http:\/\/pkas.cz\/wp-content\/uploads\/2020\/02\/medailemcrviceboj-1.jpg\" alt=\"\" class=\"wp-image-766\" srcset=\"http:\/\/pkas.cz\/wp-content\/uploads\/2020\/02\/medailemcrviceboj-1.jpg 960w, http:\/\/pkas.cz\/wp-content\/uploads\/2020\/02\/medailemcrviceboj-1-300x300.jpg 300w, http:\/\/pkas.cz\/wp-content\/uploads\/2020\/02\/medailemcrviceboj-1-150x150.jpg 150w, http:\/\/pkas.cz\/wp-content\/uploads\/2020\/02\/medailemcrviceboj-1-768x768.jpg 768w\" sizes=\"(max-width: 960px) 100vw, 960px\" \/><figcaption>Tom\u00e1\u0161 Koza &#8211; st\u0159\u00edbrn\u00fd ve v\u00edceboji na M\u010cR dorostu s krajsk\u00fdm rekordem v kapse (foto Denisa Kisialov\u00e1)<\/figcaption><\/figure>\n\n\n\n<p>Krajsk\u00e1 halov\u00e1 rekordn\u00ed listina se po v\u00edkendov\u00e9m M\u010cR ve v\u00edceboj\u00edch zachv\u011bla v z\u00e1kladech. Hned t\u0159em z\u00e1vodn\u00edk\u016fm se poda\u0159ilo p\u0159ekonat letit\u00e9 rekordy a k tomu si p\u0159ipsat hned t\u0159i cenn\u00e9 kovy.<\/p>\n\n\n\n<p>St\u0159\u00edbro si vybojoval <strong>Tom\u00e1\u0161 Koza<\/strong>, kter\u00fd poskl\u00e1dal 4928 bod\u016f. O titul nakonec Tom\u00e1\u0161 p\u0159i\u0161el a\u017e v z\u00e1v\u011bre\u010dn\u00e9m kilometru. Ve v\u00edceboji Tom\u00e1\u0161 i vyrovnal krajsk\u00fd rekord v ty\u010di 440 cm. Dal\u0161\u00ed discipl\u00edny Tom\u00e1\u0161 poskl\u00e1dal  takto:  (07.40\/745-6.28\/648-12.22\/620-1.86\/679-08.26\/917-4.40\/731-3:07.97\/588) .<\/p>\n\n\n\n<p>Bronzov\u00e1 z Prahy odjela v kategorii \u017een <strong>Denisa Majerov\u00e1<\/strong>, kterou podr\u017eela skv\u011bl\u00e1 v\u00fd\u0161ka 180 cm a nov\u00fd rekord tedy m\u00e1 od v\u00edkendu hodnotu 3926 bod\u016f &#8211;  (08.91\/929-1.80\/978-09.96\/527-5.60\/729-2:24.55\/763) .<\/p>\n\n\n\n<p>Prvn\u00ed rokem star\u0161\u00ed \u017e\u00e1kyn\u011b a u\u017e ukazuje, jak\u00e1 je to z\u00e1vodnice, <strong>Viktorie J\u00e1nsk\u00e1<\/strong> p\u0159edvedla skv\u011bl\u00fd v\u00edceboj, za kter\u00fd si ze Stromovky odnesla  bronzovou medail\u00ed a nov\u00fd krajsk\u00fd rekord o hodnot\u011b 3260 bod\u016f &#8211; (08.81\/950-1.53\/655-09.29\/483-5.46\/688-2:48.04\/484) <\/p>\n\n\n\n<p><a href=\"https:\/\/online.atletika.cz\/vysledky\/41018\/0\/2\">V\u00ddSLEDKY DAL\u0160\u00cdCH Z\u00c1VODN\u00cdK\u016e<\/a> z nejen z na\u0161eho regionu<\/p>\n\n\n\n<figure class=\"wp-block-image size-large\"><img loading=\"lazy\" decoding=\"async\" width=\"960\" height=\"960\" src=\"http:\/\/pkas.cz\/wp-content\/uploads\/2020\/02\/denisamajerov\u00e1-hala-2020-1.jpg\" alt=\"\" class=\"wp-image-768\" srcset=\"http:\/\/pkas.cz\/wp-content\/uploads\/2020\/02\/denisamajerov\u00e1-hala-2020-1.jpg 960w, http:\/\/pkas.cz\/wp-content\/uploads\/2020\/02\/denisamajerov\u00e1-hala-2020-1-300x300.jpg 300w, http:\/\/pkas.cz\/wp-content\/uploads\/2020\/02\/denisamajerov\u00e1-hala-2020-1-150x150.jpg 150w, http:\/\/pkas.cz\/wp-content\/uploads\/2020\/02\/denisamajerov\u00e1-hala-2020-1-768x768.jpg 768w\" sizes=\"(max-width: 960px) 100vw, 960px\" \/><figcaption>Dekorovan\u00e1 Denisa Majerov\u00e1  (foto Denisa Kisialov\u00e1) <\/figcaption><\/figure>\n\n\n\n<figure class=\"wp-block-image size-large\"><img loading=\"lazy\" decoding=\"async\" width=\"960\" height=\"960\" src=\"http:\/\/pkas.cz\/wp-content\/uploads\/2020\/02\/vikina-j\u00e1nsk\u00e1-hala-2020-1.jpg\" alt=\"\" class=\"wp-image-769\" srcset=\"http:\/\/pkas.cz\/wp-content\/uploads\/2020\/02\/vikina-j\u00e1nsk\u00e1-hala-2020-1.jpg 960w, http:\/\/pkas.cz\/wp-content\/uploads\/2020\/02\/vikina-j\u00e1nsk\u00e1-hala-2020-1-300x300.jpg 300w, http:\/\/pkas.cz\/wp-content\/uploads\/2020\/02\/vikina-j\u00e1nsk\u00e1-hala-2020-1-150x150.jpg 150w, http:\/\/pkas.cz\/wp-content\/uploads\/2020\/02\/vikina-j\u00e1nsk\u00e1-hala-2020-1-768x768.jpg 768w\" sizes=\"(max-width: 960px) 100vw, 960px\" \/><figcaption>Bronzov\u00e1 Viktorie J\u00e1nsk\u00e1 vpravo  (foto Denisa Kisialov\u00e1) <\/figcaption><\/figure>\n","protected":false},"excerpt":{"rendered":"<p>M\u010cR ve v\u00edceboj\u00edch &#8211; T\u0159i dny = t\u0159i medaile = t\u0159i krajsk\u00e9 rekordy Krajsk\u00e1 halov\u00e1 rekordn\u00ed listina se po v\u00edkendov\u00e9m M\u010cR ve v\u00edceboj\u00edch zachv\u011bla v&hellip;<\/p>\n","protected":false},"author":2,"featured_media":765,"comment_status":"closed","ping_status":"closed","sticky":false,"template":"","format":"standard","meta":{"footnotes":""},"categories":[1],"tags":[],"jetpack_sharing_enabled":true,"jetpack_featured_media_url":"http:\/\/pkas.cz\/wp-content\/uploads\/2020\/02\/medailemcrviceboj.jpg","_links":{"self":[{"href":"http:\/\/pkas.cz\/index.php?rest_route=\/wp\/v2\/posts\/762"}],"collection":[{"href":"http:\/\/pkas.cz\/index.php?rest_route=\/wp\/v2\/posts"}],"about":[{"href":"http:\/\/pkas.cz\/index.php?rest_route=\/wp\/v2\/types\/post"}],"author":[{"embeddable":true,"href":"http:\/\/pkas.cz\/index.php?rest_route=\/wp\/v2\/users\/2"}],"replies":[{"embeddable":true,"href":"http:\/\/pkas.cz\/index.php?rest_route=%2Fwp%2Fv2%2Fcomments&post=762"}],"version-history":[{"count":3,"href":"http:\/\/pkas.cz\/index.php?rest_route=\/wp\/v2\/posts\/762\/revisions"}],"predecessor-version":[{"id":788,"href":"http:\/\/pkas.cz\/index.php?rest_route=\/wp\/v2\/posts\/762\/revisions\/788"}],"wp:featuredmedia":[{"embeddable":true,"href":"http:\/\/pkas.cz\/index.php?rest_route=\/wp\/v2\/media\/765"}],"wp:attachment":[{"href":"http:\/\/pkas.cz\/index.php?rest_route=%2Fwp%2Fv2%2Fmedia&parent=762"}],"wp:term":[{"taxonomy":"category","embeddable":true,"href":"http:\/\/pkas.cz\/index.php?rest_route=%2Fwp%2Fv2%2Fcategories&post=762"},{"taxonomy":"post_tag","embeddable":true,"href":"http:\/\/pkas.cz\/index.php?rest_route=%2Fwp%2Fv2%2Ftags&post=762"}],"curies":[{"name":"wp","href":"https:\/\/api.w.org\/{rel}","templated":true}]}}