{"id":759,"date":"2020-02-06T21:24:20","date_gmt":"2020-02-06T20:24:20","guid":{"rendered":"http:\/\/pkas.cz\/?p=759"},"modified":"2020-02-06T21:24:28","modified_gmt":"2020-02-06T20:24:28","slug":"atleticky-nabor-ac-falcon-rokycany","status":"publish","type":"post","link":"http:\/\/pkas.cz\/?p=759","title":{"rendered":"Atletick\u00fd n\u00e1bor AC Falcon Rokycany"},"content":{"rendered":"\n<h2 class=\"wp-block-heading\">Atletick\u00fd n\u00e1bor AC Falcon Rokycany<\/h2>\n\n\n\n<figure class=\"wp-block-image size-large\"><img loading=\"lazy\" decoding=\"async\" width=\"579\" height=\"333\" src=\"http:\/\/pkas.cz\/wp-content\/uploads\/2020\/02\/falcon.png\" alt=\"\" class=\"wp-image-760\" srcset=\"http:\/\/pkas.cz\/wp-content\/uploads\/2020\/02\/falcon.png 579w, http:\/\/pkas.cz\/wp-content\/uploads\/2020\/02\/falcon-300x173.png 300w\" sizes=\"(max-width: 579px) 100vw, 579px\" \/><figcaption>AC Falcon Rokycany<\/figcaption><\/figure>\n\n\n\n<p> Atletick\u00fd odd\u00edl AC FALCON ROKYCANY <\/p>\n\n\n\n<p>hled\u00e1 nov\u00e9 mlad\u00e9 atlety, ro\u010dn\u00edky 2009 a mlad\u0161\u00ed (atletick\u00e1 p\u0159\u00edpravka). <\/p>\n\n\n\n<p>R\u00e1di b\u011bh\u00e1te, sportujete a jste z Rokycan a okol\u00ed? <\/p>\n\n\n\n<p>P\u0159ij\u010fte mezi n\u00e1s. Tr\u00e9ninky m\u00e1me na atletick\u00e9m stadionu v Rokycanech <\/p>\n\n\n\n<p>v pond\u011bl\u00ed od 16.00 <br>ve st\u0159edu od 15.30 hod.  <\/p>\n\n\n\n<p>Informace: <br>Roman Sladk\u00fd, tel. 777 122 998 <br>Michal \u0160\u016fcha, tel.: 606 052 390 <\/p>\n","protected":false},"excerpt":{"rendered":"<p>Atletick\u00fd n\u00e1bor AC Falcon Rokycany Atletick\u00fd odd\u00edl AC FALCON ROKYCANY hled\u00e1 nov\u00e9 mlad\u00e9 atlety, ro\u010dn\u00edky 2009 a mlad\u0161\u00ed (atletick\u00e1 p\u0159\u00edpravka). R\u00e1di b\u011bh\u00e1te, sportujete a jste&hellip;<\/p>\n","protected":false},"author":2,"featured_media":760,"comment_status":"closed","ping_status":"closed","sticky":false,"template":"","format":"standard","meta":{"footnotes":""},"categories":[1],"tags":[],"jetpack_sharing_enabled":true,"jetpack_featured_media_url":"http:\/\/pkas.cz\/wp-content\/uploads\/2020\/02\/falcon.png","_links":{"self":[{"href":"http:\/\/pkas.cz\/index.php?rest_route=\/wp\/v2\/posts\/759"}],"collection":[{"href":"http:\/\/pkas.cz\/index.php?rest_route=\/wp\/v2\/posts"}],"about":[{"href":"http:\/\/pkas.cz\/index.php?rest_route=\/wp\/v2\/types\/post"}],"author":[{"embeddable":true,"href":"http:\/\/pkas.cz\/index.php?rest_route=\/wp\/v2\/users\/2"}],"replies":[{"embeddable":true,"href":"http:\/\/pkas.cz\/index.php?rest_route=%2Fwp%2Fv2%2Fcomments&post=759"}],"version-history":[{"count":1,"href":"http:\/\/pkas.cz\/index.php?rest_route=\/wp\/v2\/posts\/759\/revisions"}],"predecessor-version":[{"id":761,"href":"http:\/\/pkas.cz\/index.php?rest_route=\/wp\/v2\/posts\/759\/revisions\/761"}],"wp:featuredmedia":[{"embeddable":true,"href":"http:\/\/pkas.cz\/index.php?rest_route=\/wp\/v2\/media\/760"}],"wp:attachment":[{"href":"http:\/\/pkas.cz\/index.php?rest_route=%2Fwp%2Fv2%2Fmedia&parent=759"}],"wp:term":[{"taxonomy":"category","embeddable":true,"href":"http:\/\/pkas.cz\/index.php?rest_route=%2Fwp%2Fv2%2Fcategories&post=759"},{"taxonomy":"post_tag","embeddable":true,"href":"http:\/\/pkas.cz\/index.php?rest_route=%2Fwp%2Fv2%2Ftags&post=759"}],"curies":[{"name":"wp","href":"https:\/\/api.w.org\/{rel}","templated":true}]}}