{"id":755,"date":"2020-02-02T22:00:42","date_gmt":"2020-02-02T21:00:42","guid":{"rendered":"http:\/\/pkas.cz\/?p=755"},"modified":"2020-02-02T22:00:50","modified_gmt":"2020-02-02T21:00:50","slug":"bezecky-pohar-mladeze-plzenskeho-kraje-2020-zna-svuj-kalendar","status":"publish","type":"post","link":"http:\/\/pkas.cz\/?p=755","title":{"rendered":"B\u011b\u017eeck\u00fd poh\u00e1r ml\u00e1de\u017ee Plze\u0148sk\u00e9ho kraje 2020 zn\u00e1 sv\u016fj kalend\u00e1\u0159"},"content":{"rendered":"\n<h2 class=\"wp-block-heading\">B\u011b\u017eeck\u00fd poh\u00e1r ml\u00e1de\u017ee Plze\u0148sk\u00e9ho kraje 2020 zn\u00e1 sv\u016fj kalend\u00e1\u0159<\/h2>\n\n\n\n<figure class=\"wp-block-image size-large\"><img loading=\"lazy\" decoding=\"async\" width=\"533\" height=\"321\" src=\"http:\/\/pkas.cz\/wp-content\/uploads\/2020\/01\/PKAS_logo-pr\u016fhledn\u00fd.png\" alt=\"logo_new\" class=\"wp-image-717\" srcset=\"http:\/\/pkas.cz\/wp-content\/uploads\/2020\/01\/PKAS_logo-pr\u016fhledn\u00fd.png 533w, http:\/\/pkas.cz\/wp-content\/uploads\/2020\/01\/PKAS_logo-pr\u016fhledn\u00fd-300x181.png 300w\" sizes=\"(max-width: 533px) 100vw, 533px\" \/><figcaption>Nov\u00e9 logo PKAS<\/figcaption><\/figure>\n\n\n\n<p>Hlavn\u00ed organiz\u00e1tor B\u011b\u017eeck\u00e9ho poh\u00e1ru ml\u00e1de\u017ee PK zve\u0159ejnil kalend\u00e1\u0159 z\u00e1vod\u016f a sout\u011b\u017en\u00ed podm\u00ednky leto\u0161n\u00edho ro\u010dn\u00edku.<\/p>\n\n\n\n<p>P\u0159in\u00e1\u0161\u00edme n\u011bkolik z\u00e1kladn\u00edch bod\u016f seri\u00e1lu:<\/p>\n\n\n\n<p><strong>Po\u0159\u00e1d\u00e1:<\/strong>&nbsp;Plze\u0148sk\u00fd krajsk\u00fd atletick\u00fd svaz<\/p>\n\n\n\n<h3 class=\"wp-block-heading\">V\u011bkov\u00e9 kategorie:<\/h3>\n\n\n\n<figure class=\"wp-block-table\"><table class=\"\"><tbody><tr><td>Nejmlad\u0161\u00ed d\u011bti (kluci\/ d\u00edvky)<\/td><td>2013 a mlad\u0161\u00ed<\/td><\/tr><tr><td>P\u0159\u00edpravka mlad\u0161\u00ed (kluci\/d\u00edvky)<\/td><td>2011\/2012<\/td><\/tr><tr><td>p\u0159\u00edpravka star\u0161\u00ed (kluci\/ d\u00edvky)<\/td><td>2009\/2010<\/td><\/tr><tr><td>mlad\u0161\u00ed \u017e\u00e1ci\/ml.\u017e\u00e1kyn\u011b<\/td><td>2007\/2008<\/td><\/tr><tr><td>star\u0161\u00ed \u017e\u00e1ci\/st.\u017e\u00e1kyn\u011b<\/td><td>2005\/2006<\/td><\/tr><tr><td>dorostenci\/dorostenky<\/td><td>2003\/2004<\/td><\/tr><\/tbody><\/table><\/figure>\n\n\n\n<h3 class=\"wp-block-heading\">Pravidla bodov\u00e1n\u00ed:<\/h3>\n\n\n\n<p>Z\u00e1vodn\u00edci sout\u011b\u017e\u00ed v jednotliv\u00fdch kategori\u00edch a do celkov\u00e9ho hodnocen\u00ed poh\u00e1ru se zapo\u010d\u00edt\u00e1vaj\u00ed body za um\u00edst\u011bn\u00ed prvn\u00edm deseti b\u011b\u017ec\u016fm v ka\u017ed\u00e9 kategorii v jednotliv\u00fdch z\u00e1vodech n\u00e1sleduj\u00edc\u00edm zp\u016fsobem:<br>1. m\u00edsto \u2013 14 bod\u016f, 2. m\u00edsto \u2013 11 bod\u016f, 3. m\u00edsto \u2013 9 bod\u016f, 4. m\u00edsto \u2013 7 bod\u016f, 5. m\u00edsto \u2013 6 bod\u016f, 6. m\u00edsto \u2013 5 bod\u016f, 7. m\u00edsto \u2013 4 body, 8. m\u00edsto \u2013 3 body, 9. m\u00edsto \u2013 2 body, 10. m\u00edsto \u2013 1 bod.<\/p>\n\n\n\n<p>Boduje v\u017edy 10 nejlep\u0161\u00edch z\u00e1vodn\u00edk\u016f v ka\u017ed\u00e9 kategorii. Boduj\u00ed v\u0161ichni z\u00e1vodn\u00edci bez ohledu na p\u0159\u00edslu\u0161nost k Plze\u0148sk\u00e9mu kraji. Mlad\u0161\u00ed z\u00e1vodn\u00edk m\u016f\u017ee startovat i v kategori\u00edch pro star\u0161\u00ed ro\u010dn\u00edky, ale obr\u00e1cen\u011b nikoliv.<br>Do z\u00e1v\u011bre\u010dn\u00e9ho hodnocen\u00ed poh\u00e1ru se zapo\u010d\u00edt\u00e1vaj\u00ed body&nbsp;<strong>za dev\u011bt nejlep\u0161\u00edch um\u00edst\u011bn\u00ed<\/strong>&nbsp;z jeden\u00e1cti z\u00e1vod\u016f. P\u0159i stejn\u00e9m po\u010dtu bod\u016f rozhoduje v\u011bt\u0161\u00ed po\u010det lep\u0161\u00edch um\u00edst\u011bn\u00ed.<\/p>\n\n\n\n<h4 class=\"wp-block-heading\">Z\u00e1vody za\u0159azen\u00e9 do B\u011b\u017eeck\u00e9ho poh\u00e1ru ml\u00e1de\u017ee Plze\u0148sk\u00e9ho kraje 2020.<\/h4>\n\n\n\n<figure class=\"wp-block-table\"><table class=\"\"><tbody><tr><th>Datum<\/th><th>N\u00e1zev z\u00e1vodu<\/th><th>M\u00edsto<\/th><th>Okres<\/th><th>D\u00e9lka z\u00e1vodu<\/th><\/tr><tr><td>14. 03.<\/td><td>Mistrovstv\u00ed Plz. kraje v krosu &#8211; B\u011blsk\u00e1 p\u011btka<\/td><td>B\u011bl\u00e1 n. R.<\/td><td>DO<\/td><td>300 m a\u017e 3000 m<\/td><\/tr><tr><td>22. 03.<\/td><td>Memori\u00e1l Josefa Machta<\/td><td>Tachov<\/td><td>TC<\/td><td>500 m a\u017e 3000 m<\/td><\/tr><tr><td>15. 04.<\/td><td>B\u011bh osvobozen\u00ed<\/td><td>Plze\u0148-Litice<\/td><td>PM<\/td><td>300 m a\u017e 3000 m<\/td><\/tr><tr><td>23. 05.<\/td><td>B\u011bh Zelenovsk\u00fdm \u00fadol\u00edm<\/td><td>Zelenov<\/td><td>DO<\/td><td>100 m a\u017e 3100 m<\/td><\/tr><tr><td>14. 06.<\/td><td>B\u011bh historick\u00fdm St\u0159\u00edbrem<\/td><td>St\u0159\u00edbro<\/td><td>TC<\/td><td>300 m a\u017e 3000 m<\/td><\/tr><tr><td>16. 08.<\/td><td>Chodsk\u00e1 1500 (dr\u00e1ha)<\/td><td>Doma\u017elice<\/td><td>DO<\/td><td>400 m a\u017e 1500 m<\/td><\/tr><tr><td>29. 08.<\/td><td>B\u011bh PT kolem Boleveck\u00fdch rybn\u00edk\u016f<\/td><td>Plze\u0148<\/td><td>PM<\/td><td>300 m a\u017e 1900 m<\/td><\/tr><tr><td>13. 09.<\/td><td>Plze\u0148sk\u00fd kardiob\u011bh<\/td><td>Plze\u0148<\/td><td>PM<\/td><td>300 m a\u017e 1800 m<\/td><\/tr><tr><td>03. 10.<\/td><td>B\u011bh babylonsk\u00fdmi lesy<\/td><td>Babylon<\/td><td>DO<\/td><td>200 m a\u017e 3200 m<\/td><\/tr><tr><td>10. 10.<\/td><td>B\u011bh klatovskou H\u016frkou<\/td><td>Klatovy<\/td><td>KT<\/td><td>300 m a\u017e 4000 m<\/td><\/tr><tr><td>24. 10.<\/td><td>B\u011bh Bukovem<\/td><td>Pl\u00edskov<\/td><td>RO<\/td><td>100 m a\u017e 4260 m<\/td><\/tr><\/tbody><\/table><\/figure>\n\n\n\n<h4 class=\"wp-block-heading\"><br>Z\u00e1v\u011bre\u010dn\u00e9 vyhodnocen\u00ed poh\u00e1ru:<\/h4>\n\n\n\n<p>Vyhodnocen\u00ed celkov\u00e9ho po\u0159ad\u00ed poh\u00e1ru prob\u011bhne p\u0159i slavnostn\u00edm ve\u010deru v prosinci 2020. Poh\u00e1ry budou ud\u011bleny nejlep\u0161\u00edm t\u0159em b\u011b\u017ec\u016fm v ka\u017ed\u00e9 kategorii. Diplomy dostane 5 nejlep\u0161\u00edch v ka\u017ed\u00e9 kategorii na posledn\u00edm z\u00e1vod\u011b v Pl\u00edskov\u011b. T\u0159i nejlep\u0161\u00ed odd\u00edly budou ocen\u011bny poh\u00e1ry.<\/p>\n\n\n\n<h3 class=\"wp-block-heading\">Informace:<\/h3>\n\n\n\n<p>Roman Sladk\u00fd, tel. 777 122 998, e-mail:&nbsp;<a href=\"mailto:info@pro-sport.cz\">info@pro-sport.cz<\/a><\/p>\n\n\n\n<p><a href=\"http:\/\/www.pkas.cz\/\">www.pkas.cz<\/a><\/p>\n\n\n\n<h3 class=\"wp-block-heading\">Kontakty na organiz\u00e1tory jednotliv\u00fdch z\u00e1vod\u016f:<\/h3>\n\n\n\n<figure class=\"wp-block-table\"><table class=\"\"><tbody><tr><td>B\u011blsk\u00e1 p\u011btka<\/td><td>Radek B\u00edl\u00fd<\/td><td>602 435 758<\/td><td>belska.petka@volny.cz<\/td><\/tr><tr><td>Memori\u00e1l Josefa Machta<\/td><td>Vladim\u00edr S\u00fdkora<\/td><td>724 912 669<\/td><td>mira.sykora@razdva.cz<\/td><\/tr><tr><td>B\u011bh osvobozen\u00ed<\/td><td>Tom\u00e1\u0161 Lev\u00fd<\/td><td>604 418 654&nbsp;<\/td><td>savemby@seznam.cz<\/td><\/tr><tr><td>B\u011bh historick\u00fdm St\u0159\u00edbrem<\/td><td>Vladislav Moravec<\/td><td>603 810 455<\/td><td>vladislav.moravec@seznam.cz<\/td><\/tr><tr><td>Chodsk\u00e1 1500<\/td><td>Zden\u011bk Forster<\/td><td>607&nbsp;590 639<\/td><td>zdenek.foster@kdynium.cz<\/td><\/tr><tr><td>B\u011bh PT kolem Boleveck\u00fdch rybn\u00edk\u016f<\/td><td>Roman Sladk\u00fd<\/td><td>777 122 998<\/td><td>info@pro-sport.cz<\/td><\/tr><tr><td>Plze\u0148sk\u00fd kardiob\u011bh<\/td><td>Roman Sladk\u00fd<\/td><td>777 122 998<\/td><td>info@pro-sport.cz<\/td><\/tr><tr><td>B\u011bh babylonsk\u00fdmi lesy<\/td><td>Petr Konop<\/td><td>728 661 354<\/td><td>scmplzen@centrum.cz<\/td><\/tr><tr><td>B\u011bh klatovskou H\u016frkou<\/td><td>Tom\u00e1\u0161 G\u00f6rner<\/td><td>605 483 686<\/td><td>tom.gorner@seznam.cz<\/td><\/tr><tr><td>B\u011bh Bukovem<\/td><td>Ji\u0159\u00ed Ekl<\/td><td>603 205 910<\/td><td>ekl@iol.cz<\/td><\/tr><\/tbody><\/table><\/figure>\n","protected":false},"excerpt":{"rendered":"<p>B\u011b\u017eeck\u00fd poh\u00e1r ml\u00e1de\u017ee Plze\u0148sk\u00e9ho kraje 2020 zn\u00e1 sv\u016fj kalend\u00e1\u0159 Hlavn\u00ed organiz\u00e1tor B\u011b\u017eeck\u00e9ho poh\u00e1ru ml\u00e1de\u017ee PK zve\u0159ejnil kalend\u00e1\u0159 z\u00e1vod\u016f a sout\u011b\u017en\u00ed podm\u00ednky leto\u0161n\u00edho ro\u010dn\u00edku. P\u0159in\u00e1\u0161\u00edme n\u011bkolik&hellip;<\/p>\n","protected":false},"author":2,"featured_media":717,"comment_status":"closed","ping_status":"closed","sticky":false,"template":"","format":"standard","meta":{"footnotes":""},"categories":[1],"tags":[],"jetpack_sharing_enabled":true,"jetpack_featured_media_url":"http:\/\/pkas.cz\/wp-content\/uploads\/2020\/01\/PKAS_logo-pr\u016fhledn\u00fd.png","_links":{"self":[{"href":"http:\/\/pkas.cz\/index.php?rest_route=\/wp\/v2\/posts\/755"}],"collection":[{"href":"http:\/\/pkas.cz\/index.php?rest_route=\/wp\/v2\/posts"}],"about":[{"href":"http:\/\/pkas.cz\/index.php?rest_route=\/wp\/v2\/types\/post"}],"author":[{"embeddable":true,"href":"http:\/\/pkas.cz\/index.php?rest_route=\/wp\/v2\/users\/2"}],"replies":[{"embeddable":true,"href":"http:\/\/pkas.cz\/index.php?rest_route=%2Fwp%2Fv2%2Fcomments&post=755"}],"version-history":[{"count":1,"href":"http:\/\/pkas.cz\/index.php?rest_route=\/wp\/v2\/posts\/755\/revisions"}],"predecessor-version":[{"id":756,"href":"http:\/\/pkas.cz\/index.php?rest_route=\/wp\/v2\/posts\/755\/revisions\/756"}],"wp:featuredmedia":[{"embeddable":true,"href":"http:\/\/pkas.cz\/index.php?rest_route=\/wp\/v2\/media\/717"}],"wp:attachment":[{"href":"http:\/\/pkas.cz\/index.php?rest_route=%2Fwp%2Fv2%2Fmedia&parent=755"}],"wp:term":[{"taxonomy":"category","embeddable":true,"href":"http:\/\/pkas.cz\/index.php?rest_route=%2Fwp%2Fv2%2Fcategories&post=755"},{"taxonomy":"post_tag","embeddable":true,"href":"http:\/\/pkas.cz\/index.php?rest_route=%2Fwp%2Fv2%2Ftags&post=755"}],"curies":[{"name":"wp","href":"https:\/\/api.w.org\/{rel}","templated":true}]}}