{"id":742,"date":"2020-01-26T20:38:30","date_gmt":"2020-01-26T19:38:30","guid":{"rendered":"http:\/\/pkas.cz\/?p=742"},"modified":"2020-01-26T20:38:38","modified_gmt":"2020-01-26T19:38:38","slug":"seznam-clenu-scm-2020-z-pkas","status":"publish","type":"post","link":"http:\/\/pkas.cz\/?p=742","title":{"rendered":"Seznam \u010dlen\u016f SCM 2020 z PKAS"},"content":{"rendered":"\n<h2 class=\"wp-block-heading\">Seznam \u010dlen\u016f SCM 2020 z PKAS<\/h2>\n\n\n\n<figure class=\"wp-block-image size-large\"><img loading=\"lazy\" decoding=\"async\" width=\"533\" height=\"321\" src=\"http:\/\/pkas.cz\/wp-content\/uploads\/2020\/01\/PKAS_logo-pr\u016fhledn\u00fd.png\" alt=\"logo_new\" class=\"wp-image-717\" srcset=\"http:\/\/pkas.cz\/wp-content\/uploads\/2020\/01\/PKAS_logo-pr\u016fhledn\u00fd.png 533w, http:\/\/pkas.cz\/wp-content\/uploads\/2020\/01\/PKAS_logo-pr\u016fhledn\u00fd-300x181.png 300w\" sizes=\"(max-width: 533px) 100vw, 533px\" \/><figcaption>Nov\u00e9 logo PKAS<\/figcaption><\/figure>\n\n\n\n<p>P\u0159in\u00e1\u0161\u00edme p\u0159ehled \u010dlen\u016f SCM z na\u0161eho kraje pro leto\u0161n\u00ed rok. <\/p>\n\n\n\n<p><strong>TOP skupina<\/strong><br>Such\u00e1 Linda AK \u0160KODA Plze\u0148<br>Hettlerov\u00e1 Linda AK \u0160KODA Plze\u0148<br>P\u00edchalov\u00e1 Barbara AK \u0160KODA Plze\u0148<br>David\u00edk Jakub TJ Ban\u00edk St\u0159\u00edbro<br>Si\u010d\u00e1kov\u00e1 Petra TJ Sokol Plze\u0148 &#8211; Pet\u0159\u00edn<br>Kubou\u0161kov\u00e1 Simona AC Doma\u017elice<br><br><strong>A skupina<\/strong><br>Burianov\u00e1 Kate\u0159ina AK \u0160koda Plze\u0148<br><\/p>\n\n\n\n<p><strong>B skupina<\/strong><br>Jure\u010dka Hynek TJ Sokol Plze\u0148 &#8211; Pet\u0159\u00edn<br>Vrba Vojt\u011bch AK \u0160KODA Plze\u0148<br>Tr\u00e1vn\u00ed\u010dek \u0160t\u011bp\u00e1n TJ Ban\u00edk St\u0159\u00edbro<br>Fara Ladislav AK \u0160KODA Plze\u0148<br>Hru\u0161kov\u00e1 Denisa TJ Ban\u00edk ST\u0159\u00edbro<br>Re\u017e Jakub AK \u0160KODA Plze\u0144<br>Koza Tom\u00e1\u0161 AK \u0160KODA Plze\u0148<br>Vr\u00e1nek Niko AK \u0160KODA Plze\u0148<br>P\u00e1n\u00edk Marek AK \u0160KODA Plze\u0148<\/p>\n\n\n\n<p><strong>C skupina<\/strong><br>Petru\u0161ov\u00e1 Krist\u00fdna AK \u0160KODA Plze\u0148<br>Rub\u00e1\u0161 Michael AC Doma\u017elice<br>Peterka Jakub AK \u0160KODA Plze\u0148<br> <\/p>\n\n\n\n<p><\/p>\n\n\n\n<p><\/p>\n","protected":false},"excerpt":{"rendered":"<p>Seznam \u010dlen\u016f SCM 2020 z PKAS P\u0159in\u00e1\u0161\u00edme p\u0159ehled \u010dlen\u016f SCM z na\u0161eho kraje pro leto\u0161n\u00ed rok. TOP skupinaSuch\u00e1 Linda AK \u0160KODA Plze\u0148Hettlerov\u00e1 Linda AK \u0160KODA&hellip;<\/p>\n","protected":false},"author":2,"featured_media":717,"comment_status":"closed","ping_status":"closed","sticky":false,"template":"","format":"standard","meta":{"footnotes":""},"categories":[1],"tags":[],"jetpack_sharing_enabled":true,"jetpack_featured_media_url":"http:\/\/pkas.cz\/wp-content\/uploads\/2020\/01\/PKAS_logo-pr\u016fhledn\u00fd.png","_links":{"self":[{"href":"http:\/\/pkas.cz\/index.php?rest_route=\/wp\/v2\/posts\/742"}],"collection":[{"href":"http:\/\/pkas.cz\/index.php?rest_route=\/wp\/v2\/posts"}],"about":[{"href":"http:\/\/pkas.cz\/index.php?rest_route=\/wp\/v2\/types\/post"}],"author":[{"embeddable":true,"href":"http:\/\/pkas.cz\/index.php?rest_route=\/wp\/v2\/users\/2"}],"replies":[{"embeddable":true,"href":"http:\/\/pkas.cz\/index.php?rest_route=%2Fwp%2Fv2%2Fcomments&post=742"}],"version-history":[{"count":1,"href":"http:\/\/pkas.cz\/index.php?rest_route=\/wp\/v2\/posts\/742\/revisions"}],"predecessor-version":[{"id":743,"href":"http:\/\/pkas.cz\/index.php?rest_route=\/wp\/v2\/posts\/742\/revisions\/743"}],"wp:featuredmedia":[{"embeddable":true,"href":"http:\/\/pkas.cz\/index.php?rest_route=\/wp\/v2\/media\/717"}],"wp:attachment":[{"href":"http:\/\/pkas.cz\/index.php?rest_route=%2Fwp%2Fv2%2Fmedia&parent=742"}],"wp:term":[{"taxonomy":"category","embeddable":true,"href":"http:\/\/pkas.cz\/index.php?rest_route=%2Fwp%2Fv2%2Fcategories&post=742"},{"taxonomy":"post_tag","embeddable":true,"href":"http:\/\/pkas.cz\/index.php?rest_route=%2Fwp%2Fv2%2Ftags&post=742"}],"curies":[{"name":"wp","href":"https:\/\/api.w.org\/{rel}","templated":true}]}}