{"id":733,"date":"2020-01-19T22:08:00","date_gmt":"2020-01-19T21:08:00","guid":{"rendered":"http:\/\/pkas.cz\/?p=733"},"modified":"2020-01-26T20:52:40","modified_gmt":"2020-01-26T19:52:40","slug":"om-starsich-slozek","status":"publish","type":"post","link":"http:\/\/pkas.cz\/?p=733","title":{"rendered":"V\u00fdsledky OM star\u0161\u00edch slo\u017eek"},"content":{"rendered":"\n<h2 class=\"wp-block-heading\">V\u00fdsledky OM star\u0161\u00edch slo\u017eek<\/h2>\n\n\n\n<figure class=\"wp-block-image size-large\"><img loading=\"lazy\" decoding=\"async\" width=\"960\" height=\"960\" src=\"http:\/\/pkas.cz\/wp-content\/uploads\/2020\/01\/ompkashala2020.jpg\" alt=\"\" class=\"wp-image-746\" srcset=\"http:\/\/pkas.cz\/wp-content\/uploads\/2020\/01\/ompkashala2020.jpg 960w, http:\/\/pkas.cz\/wp-content\/uploads\/2020\/01\/ompkashala2020-300x300.jpg 300w, http:\/\/pkas.cz\/wp-content\/uploads\/2020\/01\/ompkashala2020-150x150.jpg 150w, http:\/\/pkas.cz\/wp-content\/uploads\/2020\/01\/ompkashala2020-768x768.jpg 768w\" sizes=\"(max-width: 960px) 100vw, 960px\" \/><figcaption>OM vyhl\u00e1\u0161en\u00ed<\/figcaption><\/figure>\n\n\n\n<p>V ned\u011bli 19.1. se v Praze uskute\u010dnilo OM Plze\u0148sk\u00e9ho kraje dosp\u011bl\u00fdch, junior\u016f a dorostu.<\/p>\n\n\n\n<p>P\u0159in\u00e1\u0161\u00edme <a href=\"https:\/\/online.atletika.cz\/vysledky\/41418\">V\u00ddSLEDKY<\/a> prvn\u00edho ze s\u00e9rie halov\u00fdch krajsk\u00fdch mistrovsk\u00fdch z\u00e1vod\u016f. <\/p>\n\n\n\n<figure class=\"wp-block-image size-large is-resized\"><img loading=\"lazy\" decoding=\"async\" src=\"http:\/\/pkas.cz\/wp-content\/uploads\/2020\/01\/startompkas.jpg\" alt=\"\" class=\"wp-image-745\" width=\"699\" height=\"699\" srcset=\"http:\/\/pkas.cz\/wp-content\/uploads\/2020\/01\/startompkas.jpg 960w, http:\/\/pkas.cz\/wp-content\/uploads\/2020\/01\/startompkas-300x300.jpg 300w, http:\/\/pkas.cz\/wp-content\/uploads\/2020\/01\/startompkas-150x150.jpg 150w, http:\/\/pkas.cz\/wp-content\/uploads\/2020\/01\/startompkas-768x768.jpg 768w\" sizes=\"(max-width: 699px) 100vw, 699px\" \/><\/figure>\n\n\n\n<p>Zdroj fotografi\u00ed AK \u0160KODA Plze\u0148<\/p>\n","protected":false},"excerpt":{"rendered":"<p>V\u00fdsledky OM star\u0161\u00edch slo\u017eek V ned\u011bli 19.1. se v Praze uskute\u010dnilo OM Plze\u0148sk\u00e9ho kraje dosp\u011bl\u00fdch, junior\u016f a dorostu. P\u0159in\u00e1\u0161\u00edme V\u00ddSLEDKY prvn\u00edho ze s\u00e9rie halov\u00fdch krajsk\u00fdch&hellip;<\/p>\n","protected":false},"author":2,"featured_media":746,"comment_status":"closed","ping_status":"closed","sticky":false,"template":"","format":"standard","meta":{"footnotes":""},"categories":[1],"tags":[],"jetpack_sharing_enabled":true,"jetpack_featured_media_url":"http:\/\/pkas.cz\/wp-content\/uploads\/2020\/01\/ompkashala2020.jpg","_links":{"self":[{"href":"http:\/\/pkas.cz\/index.php?rest_route=\/wp\/v2\/posts\/733"}],"collection":[{"href":"http:\/\/pkas.cz\/index.php?rest_route=\/wp\/v2\/posts"}],"about":[{"href":"http:\/\/pkas.cz\/index.php?rest_route=\/wp\/v2\/types\/post"}],"author":[{"embeddable":true,"href":"http:\/\/pkas.cz\/index.php?rest_route=\/wp\/v2\/users\/2"}],"replies":[{"embeddable":true,"href":"http:\/\/pkas.cz\/index.php?rest_route=%2Fwp%2Fv2%2Fcomments&post=733"}],"version-history":[{"count":3,"href":"http:\/\/pkas.cz\/index.php?rest_route=\/wp\/v2\/posts\/733\/revisions"}],"predecessor-version":[{"id":747,"href":"http:\/\/pkas.cz\/index.php?rest_route=\/wp\/v2\/posts\/733\/revisions\/747"}],"wp:featuredmedia":[{"embeddable":true,"href":"http:\/\/pkas.cz\/index.php?rest_route=\/wp\/v2\/media\/746"}],"wp:attachment":[{"href":"http:\/\/pkas.cz\/index.php?rest_route=%2Fwp%2Fv2%2Fmedia&parent=733"}],"wp:term":[{"taxonomy":"category","embeddable":true,"href":"http:\/\/pkas.cz\/index.php?rest_route=%2Fwp%2Fv2%2Fcategories&post=733"},{"taxonomy":"post_tag","embeddable":true,"href":"http:\/\/pkas.cz\/index.php?rest_route=%2Fwp%2Fv2%2Ftags&post=733"}],"curies":[{"name":"wp","href":"https:\/\/api.w.org\/{rel}","templated":true}]}}