{"id":722,"date":"2020-01-17T20:09:39","date_gmt":"2020-01-17T19:09:39","guid":{"rendered":"http:\/\/pkas.cz\/?p=722"},"modified":"2020-01-17T20:10:24","modified_gmt":"2020-01-17T19:10:24","slug":"nove-logo-plzenskeho-krajskeho-atletickeho-svazu","status":"publish","type":"post","link":"http:\/\/pkas.cz\/?p=722","title":{"rendered":"Nov\u00e9 logo Plze\u0148sk\u00e9ho krajsk\u00e9ho atletick\u00e9ho svazu"},"content":{"rendered":"\n<h1 class=\"wp-block-heading\">Nov\u00e9 logo Plze\u0148sk\u00e9ho krajsk\u00e9ho atletick\u00e9ho svazu<\/h1>\n\n\n\n<div class=\"wp-block-image\"><figure class=\"aligncenter size-large\"><img loading=\"lazy\" decoding=\"async\" width=\"533\" height=\"321\" src=\"http:\/\/pkas.cz\/wp-content\/uploads\/2020\/01\/PKAS_logo-pr\u016fhledn\u00fd.png\" alt=\"logo_new\" class=\"wp-image-717\" srcset=\"http:\/\/pkas.cz\/wp-content\/uploads\/2020\/01\/PKAS_logo-pr\u016fhledn\u00fd.png 533w, http:\/\/pkas.cz\/wp-content\/uploads\/2020\/01\/PKAS_logo-pr\u016fhledn\u00fd-300x181.png 300w\" sizes=\"(max-width: 533px) 100vw, 533px\" \/><figcaption>Nov\u00e9 logo PKAS<\/figcaption><\/figure><\/div>\n\n\n\n<p>Plze\u0148sk\u00fd krajsk\u00fd atletick\u00fd svaz p\u0159edstavuje sv\u00e9 nov\u00e9 logo. Logo vytvo\u0159ila, ve spolupr\u00e1ci s\u00a0Plze\u0148sk\u00fdm krajsk\u00fdm atletick\u00fdm svazem, Andrea Jaro\u0161\u00edkov\u00e1, studentka Fakulty designu a um\u011bn\u00ed Ladislava Sutnara. Plze\u0148sk\u00fd krajsk\u00fd atletick\u00fd svaz t\u00edm nav\u00e1zal na \u00fasp\u011b\u0161nou spolupr\u00e1ci. Mezi dal\u0161\u00ed pr\u00e1ce Andrei Jaro\u0161\u00edkov\u00e9 pat\u0159\u00ed nap\u0159\u00edklad prezentace atlet\u016f z\u00a0vyhl\u00e1\u0161en\u00ed Atlet roku Plze\u0148sk\u00e9ho kraje.   <\/p>\n","protected":false},"excerpt":{"rendered":"<p>Nov\u00e9 logo Plze\u0148sk\u00e9ho krajsk\u00e9ho atletick\u00e9ho svazu Plze\u0148sk\u00fd krajsk\u00fd atletick\u00fd svaz p\u0159edstavuje sv\u00e9 nov\u00e9 logo. Logo vytvo\u0159ila, ve spolupr\u00e1ci s\u00a0Plze\u0148sk\u00fdm krajsk\u00fdm atletick\u00fdm svazem, Andrea Jaro\u0161\u00edkov\u00e1, studentka&hellip;<\/p>\n","protected":false},"author":1,"featured_media":717,"comment_status":"closed","ping_status":"closed","sticky":false,"template":"","format":"standard","meta":{"footnotes":""},"categories":[1],"tags":[],"jetpack_sharing_enabled":true,"jetpack_featured_media_url":"http:\/\/pkas.cz\/wp-content\/uploads\/2020\/01\/PKAS_logo-pr\u016fhledn\u00fd.png","_links":{"self":[{"href":"http:\/\/pkas.cz\/index.php?rest_route=\/wp\/v2\/posts\/722"}],"collection":[{"href":"http:\/\/pkas.cz\/index.php?rest_route=\/wp\/v2\/posts"}],"about":[{"href":"http:\/\/pkas.cz\/index.php?rest_route=\/wp\/v2\/types\/post"}],"author":[{"embeddable":true,"href":"http:\/\/pkas.cz\/index.php?rest_route=\/wp\/v2\/users\/1"}],"replies":[{"embeddable":true,"href":"http:\/\/pkas.cz\/index.php?rest_route=%2Fwp%2Fv2%2Fcomments&post=722"}],"version-history":[{"count":2,"href":"http:\/\/pkas.cz\/index.php?rest_route=\/wp\/v2\/posts\/722\/revisions"}],"predecessor-version":[{"id":724,"href":"http:\/\/pkas.cz\/index.php?rest_route=\/wp\/v2\/posts\/722\/revisions\/724"}],"wp:featuredmedia":[{"embeddable":true,"href":"http:\/\/pkas.cz\/index.php?rest_route=\/wp\/v2\/media\/717"}],"wp:attachment":[{"href":"http:\/\/pkas.cz\/index.php?rest_route=%2Fwp%2Fv2%2Fmedia&parent=722"}],"wp:term":[{"taxonomy":"category","embeddable":true,"href":"http:\/\/pkas.cz\/index.php?rest_route=%2Fwp%2Fv2%2Fcategories&post=722"},{"taxonomy":"post_tag","embeddable":true,"href":"http:\/\/pkas.cz\/index.php?rest_route=%2Fwp%2Fv2%2Ftags&post=722"}],"curies":[{"name":"wp","href":"https:\/\/api.w.org\/{rel}","templated":true}]}}