{"id":659,"date":"2019-12-09T00:08:51","date_gmt":"2019-12-08T23:08:51","guid":{"rendered":"http:\/\/pkas.cz\/?p=659"},"modified":"2019-12-09T07:40:36","modified_gmt":"2019-12-09T06:40:36","slug":"vyhlaseni-bezeckeho-poharu-plzenskeho-kraje","status":"publish","type":"post","link":"http:\/\/pkas.cz\/?p=659","title":{"rendered":"Vyhl\u00e1\u0161en\u00ed B\u011b\u017eeck\u00e9ho poh\u00e1ru Plze\u0148sk\u00e9ho kraje"},"content":{"rendered":"\n<h2 class=\"wp-block-heading\">Vyhl\u00e1\u0161en\u00ed B\u011b\u017eeck\u00e9ho poh\u00e1ru Plze\u0148sk\u00e9ho kraje<\/h2>\n\n\n\n<p>Sou\u010d\u00e1st\u00ed vyhl\u00e1\u0161en\u00ed ankety Atlet roku Plze\u0148sk\u00e9ho kraje se ji\u017e pravideln\u011b st\u00e1v\u00e1 vyhodnocen\u00ed B\u011b\u017eeck\u00e9ho poh\u00e1ru Plze\u0148sk\u00e9ho kraje. Letos poprv\u00e9 se tento slavnostn\u00ed ceremoni\u00e1l uskute\u010dnil v prostor\u00e1ch Z\u00e1pado\u010desk\u00e9ho muzea v Plzni. Mlad\u00fdm atlet\u016fm zp\u0159\u00edjemnil ve\u010der pestr\u00fd doprovodn\u00fd program. Poh\u00e1ry v\u00edt\u011bz\u016fm p\u0159ed\u00e1val p\u0159edseda Plze\u0148sk\u00e9ho krajsk\u00e9ho atletick\u00e9ho svazu pan Petr Konop a \u0159editel B\u011b\u017eeck\u00e9ho poh\u00e1ru Plze\u0148sk\u00e9ho kraje pan Roman Sladk\u00fd. <\/p>\n\n\n\n<p><strong>Celkov\u00e9 po\u0159ad\u00ed B\u011b\u017eeck\u00e9ho poh\u00e1ru: <\/strong><\/p>\n\n\n\n<p><strong>Kategorie dorostenci:<\/strong> <\/p>\n\n\n\n<ol><li>Jan Pergler, TJ Ban\u00edk St\u0159\u00edbro<\/li><li>Daniel Hrab\u00e1k, TJ Sokol SG Plze\u0148-Pet\u0159\u00edn<\/li><li>David \u0160pale, AK \u0160koda Plze\u0148 <\/li><\/ol>\n\n\n\n<p><strong>Kategorie dorostenky: <\/strong><\/p>\n\n\n\n<ol><li>Kate\u0159ina \u0160ebestov\u00e1, AC Doma\u017elice <\/li><li>Krist\u00fdna Miljanecov\u00e1, TJ Sokol SG Plze\u0148-Pet\u0159\u00edn <\/li><li>Linda Luke\u0161ov\u00e1, AK \u0160koda Plze\u0148 <\/li><\/ol>\n\n\n\n<p><strong>Kategorie star\u0161\u00ed \u017e\u00e1ci: <\/strong><\/p>\n\n\n\n<ol><li>Michal Pergler, TJ Ban\u00edk St\u0159\u00edbro <\/li><li>Jan \u0160v\u00edgler, AC Doma\u017elice<\/li><li>Ji\u0159\u00ed \u0160piroch, SK Kopidlo <\/li><\/ol>\n\n\n\n<p><strong>Kategorie star\u0161\u00ed \u017e\u00e1kyn\u011b: <\/strong><\/p>\n\n\n\n<ol><li>Lucie Kubecov\u00e1, M\u00edla\u0159i Doma\u017elice<\/li><li>Nela Proch\u00e1zkov\u00e1, TJ Sokol SG Plze\u0148-Pet\u0159\u00edn <\/li><li>Michaela Fialov\u00e1, AK \u0160koda Plze\u0148 <\/li><\/ol>\n\n\n\n<p><strong>Kategorie mlad\u0161\u00ed \u017e\u00e1ci: <\/strong><\/p>\n\n\n\n<ol><li>Jan \u0160karban, AK \u0160koda Plze\u0148 <\/li><li>Ji\u0159\u00ed Rejzek, AC Falcon Rokycany<\/li><li>Tom\u00e1\u0161 Kraus, TJ Sokol SG Plze\u0148-Pet\u0159\u00edn <\/li><\/ol>\n\n\n\n<p><strong>Kategorie mlad\u0161\u00ed \u017e\u00e1kyn\u011b: <\/strong><\/p>\n\n\n\n<ol><li>Tereza Burlov\u00e1, \u0160AK p\u0159i Z\u0160 P\u0159e\u0161tice<\/li><li>Andrea \u0160leisov\u00e1, M\u00edla\u0159i Doma\u017elice<\/li><li>Aneta Bittnerov\u00e1, AC Falcon Rokycany <\/li><\/ol>\n\n\n\n<p><strong>Kategorie p\u0159\u00edpravka star\u0161\u00ed ho\u0161i: <\/strong><\/p>\n\n\n\n<ol><li>Ond\u0159ej \u0160piroch, SK Kopidlo <\/li><li>Leonard Mastn\u00fd, TJ Sokol SG Plze\u0148-Pet\u0159\u00edn<\/li><li>Ond\u0159ej Rudolf, \u0160AK p\u0159i Z\u0160 P\u0159e\u0161tice <\/li><\/ol>\n\n\n\n<p><strong>Kategorie p\u0159\u00edpravka star\u0161\u00ed d\u00edvky: <\/strong><\/p>\n\n\n\n<ol><li>Krist\u00fdna Z\u00e1ho\u0159ov\u00e1, TJ Ban\u00edk St\u0159\u00edbro<\/li><li>Jana Koz\u00e1kov\u00e1, M\u00edla\u0159i Doma\u017elice<\/li><li>Ag\u00e1ta Skalov\u00e1, M\u00edla\u0159i Doma\u017elice <\/li><\/ol>\n\n\n\n<p><strong>Kategorie p\u0159\u00edpravka mlad\u0161\u00ed ho\u0161i: <\/strong><\/p>\n\n\n\n<ol><li>Luk\u00e1\u0161 Kydl\u00ed\u010dek, \u0160AK p\u0159i Z\u0160 P\u0159e\u0161tice <\/li><li>Vojt\u011bch Musil, TJ Dob\u0159any<\/li><li>David Krej\u010d\u00ed, TJ Ban\u00edk St\u0159\u00edbro <\/li><\/ol>\n\n\n\n<p><strong>Kategorie p\u0159\u00edpravka mlad\u0161\u00ed d\u00edvky: <\/strong><\/p>\n\n\n\n<ol><li>Ema J\u00e1mborov\u00e1, Adrien Elixir Elite Team<\/li><li>Krist\u00fdna Bezd\u011bkov\u00e1, \u0160AK p\u0159i Z\u0160 P\u0159e\u0161tice <\/li><li>Viktorie \u0160petov\u00e1, AK \u0160koda Plze\u0148 <\/li><\/ol>\n\n\n\n<p><strong>Po\u0159ad\u00ed odd\u00edl\u016f: <\/strong><\/p>\n\n\n\n<ol><li>AK \u0160koda Plze\u0148 <\/li><li>M\u00edla\u0159i Doma\u017elice <\/li><li>TJ Sokol SG Plze\u0148-Pet\u0159\u00edn <\/li><\/ol>\n\n\n\n<p><\/p>\n\n\n\n<figure class=\"wp-block-image size-large\"><img loading=\"lazy\" decoding=\"async\" width=\"1024\" height=\"768\" src=\"http:\/\/pkas.cz\/wp-content\/uploads\/2019\/12\/skupinovka-\u00favod-poh\u00e1r-1024x768.jpg\" alt=\"\" class=\"wp-image-647\" srcset=\"http:\/\/pkas.cz\/wp-content\/uploads\/2019\/12\/skupinovka-\u00favod-poh\u00e1r-1024x768.jpg 1024w, http:\/\/pkas.cz\/wp-content\/uploads\/2019\/12\/skupinovka-\u00favod-poh\u00e1r-300x225.jpg 300w, http:\/\/pkas.cz\/wp-content\/uploads\/2019\/12\/skupinovka-\u00favod-poh\u00e1r-768x576.jpg 768w, http:\/\/pkas.cz\/wp-content\/uploads\/2019\/12\/skupinovka-\u00favod-poh\u00e1r-1536x1152.jpg 1536w, http:\/\/pkas.cz\/wp-content\/uploads\/2019\/12\/skupinovka-\u00favod-poh\u00e1r.jpg 1600w\" sizes=\"(max-width: 1024px) 100vw, 1024px\" \/><figcaption>Slavnostn\u00ed vyhl\u00e1\u0161en\u00ed B\u011b\u017eeck\u00e9ho poh\u00e1ru Plze\u0148sk\u00e9ho kraje <\/figcaption><\/figure>\n\n\n\n<figure class=\"wp-block-image size-large\"><img loading=\"lazy\" decoding=\"async\" width=\"960\" height=\"720\" src=\"http:\/\/pkas.cz\/wp-content\/uploads\/2019\/12\/skupinovka-ceny-poh\u00e1r.jpg\" alt=\"\" class=\"wp-image-646\" srcset=\"http:\/\/pkas.cz\/wp-content\/uploads\/2019\/12\/skupinovka-ceny-poh\u00e1r.jpg 960w, http:\/\/pkas.cz\/wp-content\/uploads\/2019\/12\/skupinovka-ceny-poh\u00e1r-300x225.jpg 300w, http:\/\/pkas.cz\/wp-content\/uploads\/2019\/12\/skupinovka-ceny-poh\u00e1r-768x576.jpg 768w\" sizes=\"(max-width: 960px) 100vw, 960px\" \/><figcaption>Ocen\u011bn\u00ed b\u011b\u017eci v\u0161ech v\u011bkov\u00fdch kategori\u00ed <\/figcaption><\/figure>\n\n\n\n<figure class=\"wp-block-image size-large\"><img loading=\"lazy\" decoding=\"async\" width=\"960\" height=\"720\" src=\"http:\/\/pkas.cz\/wp-content\/uploads\/2019\/12\/odd\u00edly-poh\u00e1r.jpg\" alt=\"\" class=\"wp-image-644\" srcset=\"http:\/\/pkas.cz\/wp-content\/uploads\/2019\/12\/odd\u00edly-poh\u00e1r.jpg 960w, http:\/\/pkas.cz\/wp-content\/uploads\/2019\/12\/odd\u00edly-poh\u00e1r-300x225.jpg 300w, http:\/\/pkas.cz\/wp-content\/uploads\/2019\/12\/odd\u00edly-poh\u00e1r-768x576.jpg 768w\" sizes=\"(max-width: 960px) 100vw, 960px\" \/><figcaption>Vyhl\u00e1\u0161en\u00ed nej\u00fasp\u011b\u0161n\u011bj\u0161\u00edch odd\u00edl\u016f zapojen\u00fdch do B\u011b\u017eeck\u00e9ho poh\u00e1ru Plze\u0148sk\u00e9ho kraje <\/figcaption><\/figure>\n","protected":false},"excerpt":{"rendered":"<p>Vyhl\u00e1\u0161en\u00ed B\u011b\u017eeck\u00e9ho poh\u00e1ru Plze\u0148sk\u00e9ho kraje Sou\u010d\u00e1st\u00ed vyhl\u00e1\u0161en\u00ed ankety Atlet roku Plze\u0148sk\u00e9ho kraje se ji\u017e pravideln\u011b st\u00e1v\u00e1 vyhodnocen\u00ed B\u011b\u017eeck\u00e9ho poh\u00e1ru Plze\u0148sk\u00e9ho kraje. Letos poprv\u00e9 se tento&hellip;<\/p>\n","protected":false},"author":3,"featured_media":646,"comment_status":"closed","ping_status":"closed","sticky":false,"template":"","format":"standard","meta":{"footnotes":""},"categories":[1],"tags":[],"jetpack_sharing_enabled":true,"jetpack_featured_media_url":"http:\/\/pkas.cz\/wp-content\/uploads\/2019\/12\/skupinovka-ceny-poh\u00e1r.jpg","_links":{"self":[{"href":"http:\/\/pkas.cz\/index.php?rest_route=\/wp\/v2\/posts\/659"}],"collection":[{"href":"http:\/\/pkas.cz\/index.php?rest_route=\/wp\/v2\/posts"}],"about":[{"href":"http:\/\/pkas.cz\/index.php?rest_route=\/wp\/v2\/types\/post"}],"author":[{"embeddable":true,"href":"http:\/\/pkas.cz\/index.php?rest_route=\/wp\/v2\/users\/3"}],"replies":[{"embeddable":true,"href":"http:\/\/pkas.cz\/index.php?rest_route=%2Fwp%2Fv2%2Fcomments&post=659"}],"version-history":[{"count":4,"href":"http:\/\/pkas.cz\/index.php?rest_route=\/wp\/v2\/posts\/659\/revisions"}],"predecessor-version":[{"id":667,"href":"http:\/\/pkas.cz\/index.php?rest_route=\/wp\/v2\/posts\/659\/revisions\/667"}],"wp:featuredmedia":[{"embeddable":true,"href":"http:\/\/pkas.cz\/index.php?rest_route=\/wp\/v2\/media\/646"}],"wp:attachment":[{"href":"http:\/\/pkas.cz\/index.php?rest_route=%2Fwp%2Fv2%2Fmedia&parent=659"}],"wp:term":[{"taxonomy":"category","embeddable":true,"href":"http:\/\/pkas.cz\/index.php?rest_route=%2Fwp%2Fv2%2Fcategories&post=659"},{"taxonomy":"post_tag","embeddable":true,"href":"http:\/\/pkas.cz\/index.php?rest_route=%2Fwp%2Fv2%2Ftags&post=659"}],"curies":[{"name":"wp","href":"https:\/\/api.w.org\/{rel}","templated":true}]}}