{"id":648,"date":"2019-12-09T00:09:41","date_gmt":"2019-12-08T23:09:41","guid":{"rendered":"http:\/\/pkas.cz\/?p=648"},"modified":"2019-12-09T07:35:42","modified_gmt":"2019-12-09T06:35:42","slug":"tereza-hrochova-atletkou-roku-plzenskeho-kraje","status":"publish","type":"post","link":"http:\/\/pkas.cz\/?p=648","title":{"rendered":"Tereza Hrochov\u00e1 atletkou roku Plze\u0148sk\u00e9ho kraje"},"content":{"rendered":"\n<h2 class=\"wp-block-heading\">Tereza Hrochov\u00e1 atletkou roku Plze\u0148sk\u00e9ho kraje<\/h2>\n\n\n\n<p>Hlavn\u00edm bodem slavnostn\u00edho ve\u010dera v Z\u00e1pado\u010desk\u00e9m muzeu v Plzni bylo v p\u00e1tek 6. 12.  vyhl\u00e1\u0161en\u00ed ankety Atlet roku Plze\u0148sk\u00e9ho kraje. P\u0159\u00edjemnou atmosf\u00e9ru obohatil pestr\u00fd kulturn\u00ed program. Vystupovalo p\u011bveck\u00e9 duo sourozenc\u016f Hradeck\u00fdch, tane\u010dn\u00ed p\u00e1ry z tane\u010dn\u00edho studia Tanec v Plzni, \u017e\u00e1ci Plze\u0148sk\u00e9 konzervato\u0159e \u010di vyhled\u00e1van\u00ed Plzen\u0161t\u00ed hudebn\u00edci, klav\u00edrista Tom\u00e1\u0161 Nejdl a houslista Peter Heider. Slavnostn\u00edm ve\u010derem prov\u00e1d\u011bl moder\u00e1tor pan Josef Ko\u017enar. <\/p>\n\n\n\n<p><strong>Atlet roku Plze\u0148sk\u00e9ho kraje: <\/strong><\/p>\n\n\n\n<p><strong>Dosp\u011bl\u00ed: <\/strong><\/p>\n\n\n\n<ol><li>m\u00edsto: Tereza Hrochov\u00e1&nbsp; &#8211; tren\u00e9r: Vladim\u00edr Bart\u016fn\u011bk&nbsp;&nbsp;&nbsp;&nbsp;&nbsp;&nbsp;&nbsp;&nbsp;&nbsp; <\/li><li>m\u00edsto: Tereza Petr\u017eilkov\u00e1 &#8211; tren\u00e9r: Jan Hanzl<\/li><li>m\u00edsto: Tereza Jon\u00e1\u0161ov\u00e1&nbsp; &#8211; tren\u00e9r: Petr Hab\u00e1sko<\/li><\/ol>\n\n\n\n<p><strong>Junio\u0159i: <\/strong><\/p>\n\n\n\n<ol><li>m\u00edsto: Michal Forejt, tren\u00e9rka: Lucie Pla\u0161ilov\u00e1<\/li><li>m\u00edsto: Jakub Forejt, tren\u00e9rka: Lucie Pla\u0161ilov\u00e1<\/li><li>m\u00edsto: Filip Li\u010dman, tren\u00e9r: Jakub Ryba<\/li><\/ol>\n\n\n\n<p><strong>Dorost: <\/strong><\/p>\n\n\n\n<ol><li>m\u00edsto: Jakub David\u00edk, tren\u00e9r:\nAlexandr Matulka<\/li><li>m\u00edsto: Barbara P\u00edchalov\u00e1, tren\u00e9r:\nJakub Ryba<\/li><li>m\u00edsto: Petra Si\u010d\u00e1kov\u00e1, tren\u00e9r: Ivan\nHub\u00e1\u010dek &#8211; David Seker\u00e1k&nbsp;&nbsp;&nbsp;&nbsp;&nbsp;&nbsp;&nbsp;&nbsp;&nbsp;&nbsp;&nbsp;&nbsp;&nbsp;&nbsp;&nbsp;&nbsp;&nbsp;&nbsp;&nbsp;&nbsp; &nbsp;&nbsp;&nbsp;&nbsp;&nbsp;&nbsp;&nbsp;&nbsp;&nbsp;&nbsp;&nbsp;&nbsp;&nbsp;&nbsp;&nbsp;&nbsp;&nbsp;&nbsp;&nbsp;&nbsp;&nbsp;&nbsp;&nbsp;&nbsp;&nbsp;&nbsp;&nbsp;&nbsp;&nbsp;&nbsp;&nbsp;&nbsp;&nbsp;&nbsp; &nbsp;&nbsp;&nbsp;&nbsp;&nbsp;&nbsp;&nbsp;&nbsp;&nbsp;&nbsp;&nbsp; <\/li><\/ol>\n\n\n\n<p><strong>\u017dactvo: <\/strong><\/p>\n\n\n\n<ol><li>m\u00edsto: Magdal\u00e9na Helmayerov\u00e1, tren\u00e9r: Jakub Ryba<\/li><li>Simona Kobou\u0161kov\u00e1, tren\u00e9r: Jan Ledvina<\/li><li>Tom\u00e1\u0161 Koza, tren\u00e9r: Jakub Ryba<\/li><\/ol>\n\n\n\n<p>Z\u00e1znam z vyhl\u00e1\u0161en\u00ed m\u016f\u017eete sledovat ve \u010dtvrtek 12. 12. od 17 hodin na televizn\u00ed stanici ZAK TV. <\/p>\n\n\n\n<div class=\"wp-block-image\"><figure class=\"aligncenter size-large\"><img decoding=\"async\" src=\"http:\/\/pkas.cz\/wp-content\/uploads\/2019\/12\/david\u00edk.jpg\" alt=\"\" class=\"wp-image-643\"\/><figcaption>Jakub David\u00edk ovl\u00e1dl kategorii dorostu<\/figcaption><\/figure><\/div>\n\n\n\n<div class=\"wp-block-image\"><figure class=\"aligncenter size-large\"><img decoding=\"async\" src=\"http:\/\/pkas.cz\/wp-content\/uploads\/2019\/12\/atlet-skupina-atlet-.jpg\" alt=\"\" class=\"wp-image-641\"\/><figcaption>Nejlep\u0161\u00ed atleti Plze\u0148sk\u00e9ho kraje <\/figcaption><\/figure><\/div>\n\n\n\n<p> <\/p>\n","protected":false},"excerpt":{"rendered":"<p>Tereza Hrochov\u00e1 atletkou roku Plze\u0148sk\u00e9ho kraje Hlavn\u00edm bodem slavnostn\u00edho ve\u010dera v Z\u00e1pado\u010desk\u00e9m muzeu v Plzni bylo v p\u00e1tek 6. 12. vyhl\u00e1\u0161en\u00ed ankety Atlet roku Plze\u0148sk\u00e9ho&hellip;<\/p>\n","protected":false},"author":3,"featured_media":641,"comment_status":"closed","ping_status":"closed","sticky":false,"template":"","format":"standard","meta":{"footnotes":""},"categories":[1],"tags":[],"jetpack_sharing_enabled":true,"jetpack_featured_media_url":"http:\/\/pkas.cz\/wp-content\/uploads\/2019\/12\/atlet-skupina-atlet-.jpg","_links":{"self":[{"href":"http:\/\/pkas.cz\/index.php?rest_route=\/wp\/v2\/posts\/648"}],"collection":[{"href":"http:\/\/pkas.cz\/index.php?rest_route=\/wp\/v2\/posts"}],"about":[{"href":"http:\/\/pkas.cz\/index.php?rest_route=\/wp\/v2\/types\/post"}],"author":[{"embeddable":true,"href":"http:\/\/pkas.cz\/index.php?rest_route=\/wp\/v2\/users\/3"}],"replies":[{"embeddable":true,"href":"http:\/\/pkas.cz\/index.php?rest_route=%2Fwp%2Fv2%2Fcomments&post=648"}],"version-history":[{"count":10,"href":"http:\/\/pkas.cz\/index.php?rest_route=\/wp\/v2\/posts\/648\/revisions"}],"predecessor-version":[{"id":666,"href":"http:\/\/pkas.cz\/index.php?rest_route=\/wp\/v2\/posts\/648\/revisions\/666"}],"wp:featuredmedia":[{"embeddable":true,"href":"http:\/\/pkas.cz\/index.php?rest_route=\/wp\/v2\/media\/641"}],"wp:attachment":[{"href":"http:\/\/pkas.cz\/index.php?rest_route=%2Fwp%2Fv2%2Fmedia&parent=648"}],"wp:term":[{"taxonomy":"category","embeddable":true,"href":"http:\/\/pkas.cz\/index.php?rest_route=%2Fwp%2Fv2%2Fcategories&post=648"},{"taxonomy":"post_tag","embeddable":true,"href":"http:\/\/pkas.cz\/index.php?rest_route=%2Fwp%2Fv2%2Ftags&post=648"}],"curies":[{"name":"wp","href":"https:\/\/api.w.org\/{rel}","templated":true}]}}