{"id":635,"date":"2019-12-08T13:40:09","date_gmt":"2019-12-08T12:40:09","guid":{"rendered":"http:\/\/pkas.cz\/?p=635"},"modified":"2019-12-08T14:54:43","modified_gmt":"2019-12-08T13:54:43","slug":"finale-stredoskolskeho-poharu-cesky-rekord-jakuba-davidika","status":"publish","type":"post","link":"http:\/\/pkas.cz\/?p=635","title":{"rendered":"Fin\u00e1le St\u0159edo\u0161kolsk\u00e9ho poh\u00e1ru &#8211; \u010cesk\u00fd rekord Jakuba David\u00edka"},"content":{"rendered":"\n<h2 class=\"wp-block-heading\">Fin\u00e1le St\u0159edo\u0161kolsk\u00e9ho poh\u00e1ru &#8211; \u010cesk\u00fd rekord Jakuba David\u00edka<\/h2>\n\n\n\n<p>Jakub David\u00edk ozdobil fin\u00e1lov\u00fd z\u00e1vod nov\u00fdm \u010desk\u00fdm halov\u00fdm dorosteneck\u00fdm rekordem na patn\u00e1ctistovce &#8211; 3:53,81.<\/p>\n\n\n\n<figure class=\"wp-block-embed-youtube wp-block-embed is-type-video is-provider-youtube wp-embed-aspect-16-9 wp-has-aspect-ratio\"><div class=\"wp-block-embed__wrapper\">\n<iframe loading=\"lazy\" title=\"Jakub David\u00edk po nov\u00e9m \u010desk\u00e9m dorosteneck\u00e9m rekordu na 1500 m\" width=\"843\" height=\"474\" src=\"https:\/\/www.youtube.com\/embed\/nFDKk7Vztl0?feature=oembed\" frameborder=\"0\" allow=\"accelerometer; autoplay; encrypted-media; gyroscope; picture-in-picture\" allowfullscreen><\/iframe>\n<\/div><figcaption>Jakub DAvid\u00edk hodn\u00ed sv\u00e9 rekordn\u00ed vystoupen\u00ed.<\/figcaption><\/figure>\n\n\n\n<p>Samotn\u00fdm dru\u017estv\u016fm se ji\u017e tak neda\u0159ilo. Jakubovo \u0161kola Gymn\u00e1zium St\u0159\u00edbro obsadilo 11. p\u0159\u00ed\u010dku. <\/p>\n\n\n\n<p>D\u00edv\u010d\u00ed t\u00fdm z Masarykovo gymn\u00e1zia Plze\u0148 skon\u010dila na 13. m\u00edst\u011b.<\/p>\n\n\n\n<p><a href=\"https:\/\/online.atletika.cz\/vysledky\/36765\/0\/2\">V\u00ddSLEDKY<\/a><\/p>\n","protected":false},"excerpt":{"rendered":"<p>Fin\u00e1le St\u0159edo\u0161kolsk\u00e9ho poh\u00e1ru &#8211; \u010cesk\u00fd rekord Jakuba David\u00edka Jakub David\u00edk ozdobil fin\u00e1lov\u00fd z\u00e1vod nov\u00fdm \u010desk\u00fdm halov\u00fdm dorosteneck\u00fdm rekordem na patn\u00e1ctistovce &#8211; 3:53,81. Samotn\u00fdm dru\u017estv\u016fm se&hellip;<\/p>\n","protected":false},"author":2,"featured_media":345,"comment_status":"closed","ping_status":"closed","sticky":false,"template":"","format":"standard","meta":{"footnotes":""},"categories":[1],"tags":[],"jetpack_sharing_enabled":true,"jetpack_featured_media_url":"http:\/\/pkas.cz\/wp-content\/uploads\/2019\/09\/davidikrekord2019.jpg","_links":{"self":[{"href":"http:\/\/pkas.cz\/index.php?rest_route=\/wp\/v2\/posts\/635"}],"collection":[{"href":"http:\/\/pkas.cz\/index.php?rest_route=\/wp\/v2\/posts"}],"about":[{"href":"http:\/\/pkas.cz\/index.php?rest_route=\/wp\/v2\/types\/post"}],"author":[{"embeddable":true,"href":"http:\/\/pkas.cz\/index.php?rest_route=\/wp\/v2\/users\/2"}],"replies":[{"embeddable":true,"href":"http:\/\/pkas.cz\/index.php?rest_route=%2Fwp%2Fv2%2Fcomments&post=635"}],"version-history":[{"count":1,"href":"http:\/\/pkas.cz\/index.php?rest_route=\/wp\/v2\/posts\/635\/revisions"}],"predecessor-version":[{"id":636,"href":"http:\/\/pkas.cz\/index.php?rest_route=\/wp\/v2\/posts\/635\/revisions\/636"}],"wp:featuredmedia":[{"embeddable":true,"href":"http:\/\/pkas.cz\/index.php?rest_route=\/wp\/v2\/media\/345"}],"wp:attachment":[{"href":"http:\/\/pkas.cz\/index.php?rest_route=%2Fwp%2Fv2%2Fmedia&parent=635"}],"wp:term":[{"taxonomy":"category","embeddable":true,"href":"http:\/\/pkas.cz\/index.php?rest_route=%2Fwp%2Fv2%2Fcategories&post=635"},{"taxonomy":"post_tag","embeddable":true,"href":"http:\/\/pkas.cz\/index.php?rest_route=%2Fwp%2Fv2%2Ftags&post=635"}],"curies":[{"name":"wp","href":"https:\/\/api.w.org\/{rel}","templated":true}]}}