{"id":633,"date":"2019-12-08T13:29:46","date_gmt":"2019-12-08T12:29:46","guid":{"rendered":"http:\/\/pkas.cz\/?p=633"},"modified":"2019-12-08T13:32:55","modified_gmt":"2019-12-08T12:32:55","slug":"vysel-zapis-z-jednani-vyboru-pkas-10-11","status":"publish","type":"post","link":"http:\/\/pkas.cz\/?p=633","title":{"rendered":"Vy\u0161el z\u00e1pis z jedn\u00e1n\u00ed V\u00fdboru PKAS 10\/11"},"content":{"rendered":"\n<h2 class=\"wp-block-heading\">Vy\u0161el z\u00e1pis z jedn\u00e1n\u00ed V\u00fdboru PKAS 10\/11<\/h2>\n\n\n\n<figure class=\"wp-block-image\"><img loading=\"lazy\" decoding=\"async\" width=\"1014\" height=\"570\" src=\"http:\/\/pkas.cz\/wp-content\/uploads\/2019\/10\/logoKeClanku.png\" alt=\"\" class=\"wp-image-534\" srcset=\"http:\/\/pkas.cz\/wp-content\/uploads\/2019\/10\/logoKeClanku.png 1014w, http:\/\/pkas.cz\/wp-content\/uploads\/2019\/10\/logoKeClanku-300x169.png 300w, http:\/\/pkas.cz\/wp-content\/uploads\/2019\/10\/logoKeClanku-768x432.png 768w\" sizes=\"(max-width: 1014px) 100vw, 1014px\" \/><\/figure>\n\n\n\n<p>Dne 28.11. se konalo v Plzni dal\u0161\u00ed jedn\u00e1n\u00ed V\u00fdboru PKAS. Hlavn\u00edm bodem bylo ro\u010dn\u00ed hodnocen\u00ed \u010dl\u00e1nk\u016f  talentovan\u00e9 ml\u00e1de\u017ee, kter\u00e9ho se \u00fa\u010dastnil i nov\u00fd vedouc\u00ed svazov\u00e9ho odd\u011blen\u00ed ml\u00e1de\u017ee Jan Koutn\u00edk. <\/p>\n\n\n\n<p>Dal\u0161\u00ed probran\u00e9 z\u00e1le\u017eitosti a shrnut\u00ed hodnocen\u00ed v Z\u00c1PISU <a href=\"http:\/\/pkas.cz\/wp-content\/uploads\/2019\/12\/z1019.doc\">ZDE<\/a><a href=\"\"><\/a><\/p>\n","protected":false},"excerpt":{"rendered":"<p>Vy\u0161el z\u00e1pis z jedn\u00e1n\u00ed V\u00fdboru PKAS 10\/11 Dne 28.11. se konalo v Plzni dal\u0161\u00ed jedn\u00e1n\u00ed V\u00fdboru PKAS. Hlavn\u00edm bodem bylo ro\u010dn\u00ed hodnocen\u00ed \u010dl\u00e1nk\u016f talentovan\u00e9 ml\u00e1de\u017ee,&hellip;<\/p>\n","protected":false},"author":2,"featured_media":534,"comment_status":"closed","ping_status":"closed","sticky":false,"template":"","format":"standard","meta":{"footnotes":""},"categories":[1],"tags":[],"jetpack_sharing_enabled":true,"jetpack_featured_media_url":"http:\/\/pkas.cz\/wp-content\/uploads\/2019\/10\/logoKeClanku.png","_links":{"self":[{"href":"http:\/\/pkas.cz\/index.php?rest_route=\/wp\/v2\/posts\/633"}],"collection":[{"href":"http:\/\/pkas.cz\/index.php?rest_route=\/wp\/v2\/posts"}],"about":[{"href":"http:\/\/pkas.cz\/index.php?rest_route=\/wp\/v2\/types\/post"}],"author":[{"embeddable":true,"href":"http:\/\/pkas.cz\/index.php?rest_route=\/wp\/v2\/users\/2"}],"replies":[{"embeddable":true,"href":"http:\/\/pkas.cz\/index.php?rest_route=%2Fwp%2Fv2%2Fcomments&post=633"}],"version-history":[{"count":1,"href":"http:\/\/pkas.cz\/index.php?rest_route=\/wp\/v2\/posts\/633\/revisions"}],"predecessor-version":[{"id":634,"href":"http:\/\/pkas.cz\/index.php?rest_route=\/wp\/v2\/posts\/633\/revisions\/634"}],"wp:featuredmedia":[{"embeddable":true,"href":"http:\/\/pkas.cz\/index.php?rest_route=\/wp\/v2\/media\/534"}],"wp:attachment":[{"href":"http:\/\/pkas.cz\/index.php?rest_route=%2Fwp%2Fv2%2Fmedia&parent=633"}],"wp:term":[{"taxonomy":"category","embeddable":true,"href":"http:\/\/pkas.cz\/index.php?rest_route=%2Fwp%2Fv2%2Fcategories&post=633"},{"taxonomy":"post_tag","embeddable":true,"href":"http:\/\/pkas.cz\/index.php?rest_route=%2Fwp%2Fv2%2Ftags&post=633"}],"curies":[{"name":"wp","href":"https:\/\/api.w.org\/{rel}","templated":true}]}}