{"id":6294,"date":"2026-04-27T10:00:00","date_gmt":"2026-04-27T08:00:00","guid":{"rendered":"http:\/\/pkas.cz\/?p=6294"},"modified":"2026-04-26T13:18:12","modified_gmt":"2026-04-26T11:18:12","slug":"pokracuje-bezecky-pohar-mladeze-pkas-posledni-jarni-zavod-bude-v-horsovskem-tyne","status":"publish","type":"post","link":"http:\/\/pkas.cz\/?p=6294","title":{"rendered":"Pokra\u010duje B\u011b\u017eeck\u00fd poh\u00e1r ml\u00e1de\u017ee PKAS, posledn\u00ed jarn\u00ed z\u00e1vod bude v Hor\u0161ovsk\u00e9m T\u00fdn\u011b"},"content":{"rendered":"<div class=\"wp-block-image\">\n<figure class=\"alignright size-large is-resized\"><img loading=\"lazy\" decoding=\"async\" width=\"724\" height=\"1024\" src=\"http:\/\/pkas.cz\/wp-content\/uploads\/2026\/03\/Plakaty-PKAS-2026-1-724x1024.png\" alt=\"\" class=\"wp-image-6135\" style=\"width:258px;height:auto\" srcset=\"http:\/\/pkas.cz\/wp-content\/uploads\/2026\/03\/Plakaty-PKAS-2026-1-724x1024.png 724w, http:\/\/pkas.cz\/wp-content\/uploads\/2026\/03\/Plakaty-PKAS-2026-1-212x300.png 212w, http:\/\/pkas.cz\/wp-content\/uploads\/2026\/03\/Plakaty-PKAS-2026-1-768x1086.png 768w, http:\/\/pkas.cz\/wp-content\/uploads\/2026\/03\/Plakaty-PKAS-2026-1-1086x1536.png 1086w, http:\/\/pkas.cz\/wp-content\/uploads\/2026\/03\/Plakaty-PKAS-2026-1-1448x2048.png 1448w, http:\/\/pkas.cz\/wp-content\/uploads\/2026\/03\/Plakaty-PKAS-2026-1.png 1587w\" sizes=\"(max-width: 724px) 100vw, 724px\" \/><\/figure><\/div>\n\n\n<p>V leto\u0161n\u00edm roce se kon\u00e1 ji\u017e 17. ro\u010dn\u00edk B\u011b\u017eeck\u00e9ho poh\u00e1ru ml\u00e1de\u017ee Plze\u0148sk\u00e9ho krajsk\u00e9ho atletick\u00e9ho svazu, kter\u00fd se bl\u00ed\u017e\u00ed do sv\u00e9 poloviny. V <a href=\"http:\/\/pkas.cz\/?page_id=4291\" target=\"_blank\" rel=\"noreferrer noopener\">z\u00e1lo\u017ece BPM PKAS<\/a> naleznete v\u00fdsledky z jednotliv\u00fdch ji\u017e prob\u011bhl\u00fdch z\u00e1vod\u016f, kter\u00fdmi byly HomeRun Ky\u0161ice, B\u011bh okolo Kyjova, B\u011bh osvobozen\u00ed v plze\u0148sk\u00fdch Litic\u00edch a Roudensk\u00fd b\u011bh rovn\u011b\u017e v Plzni. <\/p>\n\n\n\n<p>Dal\u0161\u00edm, v jarn\u00ed \u010d\u00e1sti b\u011b\u017eeck\u00e9 s\u00e9rie posledn\u00edm z\u00e1vodem bude B\u011bh z\u00e1meck\u00fdm parkem v Hor\u0161ovsk\u00e9m T\u00fdn\u011b, kter\u00fd se uskute\u010dn\u00ed v p\u00e1tek 1. 5. 2026. Kompletn\u00ed informace naleznete <a href=\"https:\/\/www.aktivsporthtyn.cz\/\" target=\"_blank\" rel=\"noreferrer noopener\">na tomto odkazu<\/a>.<\/p>\n\n\n\n<p>Foto: TJ Sokol SG Plze\u0148-Pet\u0159\u00edn, AK \u0160KODA Plze\u0148<\/p>\n\n\n\n<div class=\"wp-block-columns is-layout-flex wp-container-core-columns-layout-1 wp-block-columns-is-layout-flex\">\n<div class=\"wp-block-column is-layout-flow wp-block-column-is-layout-flow\"><div class=\"wp-block-image\">\n<figure class=\"aligncenter size-large is-resized\"><img loading=\"lazy\" decoding=\"async\" width=\"683\" height=\"1024\" src=\"http:\/\/pkas.cz\/wp-content\/uploads\/2026\/04\/IMG_4185-683x1024.jpg\" alt=\"\" class=\"wp-image-6297\" style=\"width:241px;height:auto\" srcset=\"http:\/\/pkas.cz\/wp-content\/uploads\/2026\/04\/IMG_4185-683x1024.jpg 683w, http:\/\/pkas.cz\/wp-content\/uploads\/2026\/04\/IMG_4185-200x300.jpg 200w, http:\/\/pkas.cz\/wp-content\/uploads\/2026\/04\/IMG_4185-768x1151.jpg 768w, http:\/\/pkas.cz\/wp-content\/uploads\/2026\/04\/IMG_4185-1025x1536.jpg 1025w, http:\/\/pkas.cz\/wp-content\/uploads\/2026\/04\/IMG_4185.jpg 1366w\" sizes=\"(max-width: 683px) 100vw, 683px\" \/><\/figure><\/div><\/div>\n\n\n\n<div class=\"wp-block-column is-layout-flow wp-block-column-is-layout-flow\"><div class=\"wp-block-image\">\n<figure class=\"aligncenter size-large is-resized\"><img loading=\"lazy\" decoding=\"async\" width=\"768\" height=\"1024\" src=\"http:\/\/pkas.cz\/wp-content\/uploads\/2026\/04\/IMG_4187-768x1024.jpg\" alt=\"\" class=\"wp-image-6298\" style=\"width:298px;height:auto\" srcset=\"http:\/\/pkas.cz\/wp-content\/uploads\/2026\/04\/IMG_4187-768x1024.jpg 768w, http:\/\/pkas.cz\/wp-content\/uploads\/2026\/04\/IMG_4187-225x300.jpg 225w, http:\/\/pkas.cz\/wp-content\/uploads\/2026\/04\/IMG_4187-1152x1536.jpg 1152w, http:\/\/pkas.cz\/wp-content\/uploads\/2026\/04\/IMG_4187.jpg 1500w\" sizes=\"(max-width: 768px) 100vw, 768px\" \/><\/figure><\/div><\/div>\n<\/div>\n","protected":false},"excerpt":{"rendered":"<p>V leto\u0161n\u00edm roce se kon\u00e1 ji\u017e 17. ro\u010dn\u00edk B\u011b\u017eeck\u00e9ho poh\u00e1ru ml\u00e1de\u017ee Plze\u0148sk\u00e9ho krajsk\u00e9ho atletick\u00e9ho svazu, kter\u00fd se bl\u00ed\u017e\u00ed do sv\u00e9 poloviny. V z\u00e1lo\u017ece BPM PKAS&hellip;<\/p>\n","protected":false},"author":4,"featured_media":6301,"comment_status":"closed","ping_status":"closed","sticky":false,"template":"","format":"standard","meta":{"footnotes":""},"categories":[28],"tags":[],"jetpack_sharing_enabled":true,"jetpack_featured_media_url":"http:\/\/pkas.cz\/wp-content\/uploads\/2026\/04\/IMG_4193.jpg","_links":{"self":[{"href":"http:\/\/pkas.cz\/index.php?rest_route=\/wp\/v2\/posts\/6294"}],"collection":[{"href":"http:\/\/pkas.cz\/index.php?rest_route=\/wp\/v2\/posts"}],"about":[{"href":"http:\/\/pkas.cz\/index.php?rest_route=\/wp\/v2\/types\/post"}],"author":[{"embeddable":true,"href":"http:\/\/pkas.cz\/index.php?rest_route=\/wp\/v2\/users\/4"}],"replies":[{"embeddable":true,"href":"http:\/\/pkas.cz\/index.php?rest_route=%2Fwp%2Fv2%2Fcomments&post=6294"}],"version-history":[{"count":3,"href":"http:\/\/pkas.cz\/index.php?rest_route=\/wp\/v2\/posts\/6294\/revisions"}],"predecessor-version":[{"id":6300,"href":"http:\/\/pkas.cz\/index.php?rest_route=\/wp\/v2\/posts\/6294\/revisions\/6300"}],"wp:featuredmedia":[{"embeddable":true,"href":"http:\/\/pkas.cz\/index.php?rest_route=\/wp\/v2\/media\/6301"}],"wp:attachment":[{"href":"http:\/\/pkas.cz\/index.php?rest_route=%2Fwp%2Fv2%2Fmedia&parent=6294"}],"wp:term":[{"taxonomy":"category","embeddable":true,"href":"http:\/\/pkas.cz\/index.php?rest_route=%2Fwp%2Fv2%2Fcategories&post=6294"},{"taxonomy":"post_tag","embeddable":true,"href":"http:\/\/pkas.cz\/index.php?rest_route=%2Fwp%2Fv2%2Ftags&post=6294"}],"curies":[{"name":"wp","href":"https:\/\/api.w.org\/{rel}","templated":true}]}}