{"id":6281,"date":"2026-04-26T11:55:29","date_gmt":"2026-04-26T09:55:29","guid":{"rendered":"http:\/\/pkas.cz\/?p=6281"},"modified":"2026-04-26T12:24:21","modified_gmt":"2026-04-26T10:24:21","slug":"hrochova-kralovala-na-mcr-v-pulmaratonu-a-mcr-v-behu-do-vrchu","status":"publish","type":"post","link":"http:\/\/pkas.cz\/?p=6281","title":{"rendered":"Hrochov\u00e1 kralovala na M\u010cR v p\u016flmaratonu a M\u010cR v b\u011bhu do vrchu"},"content":{"rendered":"<div class=\"wp-block-image\">\n<figure class=\"alignright size-large is-resized\"><img loading=\"lazy\" decoding=\"async\" width=\"1024\" height=\"682\" src=\"http:\/\/pkas.cz\/wp-content\/uploads\/2026\/04\/hrochova-bezi-1024x682.webp\" alt=\"\" class=\"wp-image-6283\" style=\"width:389px;height:auto\" srcset=\"http:\/\/pkas.cz\/wp-content\/uploads\/2026\/04\/hrochova-bezi-1024x682.webp 1024w, http:\/\/pkas.cz\/wp-content\/uploads\/2026\/04\/hrochova-bezi-300x200.webp 300w, http:\/\/pkas.cz\/wp-content\/uploads\/2026\/04\/hrochova-bezi-768x512.webp 768w, http:\/\/pkas.cz\/wp-content\/uploads\/2026\/04\/hrochova-bezi-1536x1024.webp 1536w, http:\/\/pkas.cz\/wp-content\/uploads\/2026\/04\/hrochova-bezi.webp 2000w\" sizes=\"(max-width: 1024px) 100vw, 1024px\" \/><\/figure><\/div>\n\n\n<p>Nejv\u0161estrann\u011bj\u0161\u00ed \u010desk\u00e1 b\u011b\u017ekyn\u011b <strong>Tereza Hrochov\u00e1 (AK \u0160KODA Plze\u0148)<\/strong> dok\u00e1zala b\u011bhem \u010dtrn\u00e1cti dn\u016f vybojovat dva mistrovsk\u00e9 tituly ve dvou r\u016fzn\u00fdch b\u011b\u017eeck\u00fdch discipl\u00edn\u00e1ch.<\/p>\n\n\n\n<p>Sv\u011b\u0159enkyn\u011b Vladim\u00edra Bart\u016f\u0148ka nejprve v sobotu 11. 4. 2026 na Pardubick\u00e9m vina\u0159sk\u00e9m p\u016flmaratonu, v r\u00e1mci kter\u00e9ho se konalo tak\u00e9 mistrovstv\u00ed \u010cesk\u00e9 republiky, zapsala nov\u00fd osobn\u00ed rekord 1:11.09 hod. D\u00edky tomu z\u00edskala sv\u016fj ji\u017e p\u00e1t\u00fd mistrovsk\u00fd titul na p\u016flmaratonov\u00e9 distanci a tak\u00e9 posunula hodnotu krajsk\u00e9ho rekordu. O dva t\u00fddny pozd\u011bji se postavila na start M\u010cR v b\u011bhu do vrchu, kter\u00e9 se konalo v sobotu 25. 4. 2026 v Horn\u00edm Mar\u0161ov\u011b. Na n\u011bm potvrdila roli favoritky a do sv\u00e9 bohat\u00e9 medailov\u00e9 sb\u00edrky p\u0159idala ji\u017e \u0161est\u00fd vrcha\u0159sk\u00fd titul mistryn\u011b \u010cesk\u00e9 republiky. C\u00edlovou p\u00e1sku pro\u0165ala o v\u00edce jak dv\u011b minuty p\u0159ed st\u0159\u00edbrnou z\u00e1vodnic\u00ed v \u010dase 1:01.10 hod, a to na trati dlouh\u00e9 13 600 m (+801 m\/-173 m).<\/p>\n\n\n\n<p>Kompletn\u00ed v\u00fdsledky obou z\u00e1vod\u016f naleznete na t\u011bchto odkazech:<br><a href=\"https:\/\/online.atletika.cz\/vysledky\/86867\" target=\"_blank\" rel=\"noreferrer noopener\">M\u010cR v p\u016flmaratonu<\/a><br><a href=\"https:\/\/online.atletika.cz\/vysledky\/84982\" target=\"_blank\" rel=\"noreferrer noopener\">M\u010cR v b\u011bhu do vrchu<\/a><\/p>\n\n\n\n<p>Foto: \u010cAS &#8211; Jan Houska<\/p>\n\n\n<div class=\"wp-block-image\">\n<figure class=\"aligncenter size-large is-resized\"><img loading=\"lazy\" decoding=\"async\" width=\"1024\" height=\"682\" src=\"http:\/\/pkas.cz\/wp-content\/uploads\/2026\/04\/hrochova-1024x682.webp\" alt=\"\" class=\"wp-image-6282\" style=\"width:425px;height:auto\" srcset=\"http:\/\/pkas.cz\/wp-content\/uploads\/2026\/04\/hrochova-1024x682.webp 1024w, http:\/\/pkas.cz\/wp-content\/uploads\/2026\/04\/hrochova-300x200.webp 300w, http:\/\/pkas.cz\/wp-content\/uploads\/2026\/04\/hrochova-768x512.webp 768w, http:\/\/pkas.cz\/wp-content\/uploads\/2026\/04\/hrochova-1536x1024.webp 1536w, http:\/\/pkas.cz\/wp-content\/uploads\/2026\/04\/hrochova.webp 2000w\" sizes=\"(max-width: 1024px) 100vw, 1024px\" \/><\/figure><\/div>","protected":false},"excerpt":{"rendered":"<p>Nejv\u0161estrann\u011bj\u0161\u00ed \u010desk\u00e1 b\u011b\u017ekyn\u011b Tereza Hrochov\u00e1 (AK \u0160KODA Plze\u0148) dok\u00e1zala b\u011bhem \u010dtrn\u00e1cti dn\u016f vybojovat dva mistrovsk\u00e9 tituly ve dvou r\u016fzn\u00fdch b\u011b\u017eeck\u00fdch discipl\u00edn\u00e1ch. Sv\u011b\u0159enkyn\u011b Vladim\u00edra Bart\u016f\u0148ka nejprve&hellip;<\/p>\n","protected":false},"author":4,"featured_media":6282,"comment_status":"closed","ping_status":"closed","sticky":false,"template":"","format":"standard","meta":{"footnotes":""},"categories":[1],"tags":[],"jetpack_sharing_enabled":true,"jetpack_featured_media_url":"http:\/\/pkas.cz\/wp-content\/uploads\/2026\/04\/hrochova.webp","_links":{"self":[{"href":"http:\/\/pkas.cz\/index.php?rest_route=\/wp\/v2\/posts\/6281"}],"collection":[{"href":"http:\/\/pkas.cz\/index.php?rest_route=\/wp\/v2\/posts"}],"about":[{"href":"http:\/\/pkas.cz\/index.php?rest_route=\/wp\/v2\/types\/post"}],"author":[{"embeddable":true,"href":"http:\/\/pkas.cz\/index.php?rest_route=\/wp\/v2\/users\/4"}],"replies":[{"embeddable":true,"href":"http:\/\/pkas.cz\/index.php?rest_route=%2Fwp%2Fv2%2Fcomments&post=6281"}],"version-history":[{"count":2,"href":"http:\/\/pkas.cz\/index.php?rest_route=\/wp\/v2\/posts\/6281\/revisions"}],"predecessor-version":[{"id":6296,"href":"http:\/\/pkas.cz\/index.php?rest_route=\/wp\/v2\/posts\/6281\/revisions\/6296"}],"wp:featuredmedia":[{"embeddable":true,"href":"http:\/\/pkas.cz\/index.php?rest_route=\/wp\/v2\/media\/6282"}],"wp:attachment":[{"href":"http:\/\/pkas.cz\/index.php?rest_route=%2Fwp%2Fv2%2Fmedia&parent=6281"}],"wp:term":[{"taxonomy":"category","embeddable":true,"href":"http:\/\/pkas.cz\/index.php?rest_route=%2Fwp%2Fv2%2Fcategories&post=6281"},{"taxonomy":"post_tag","embeddable":true,"href":"http:\/\/pkas.cz\/index.php?rest_route=%2Fwp%2Fv2%2Ftags&post=6281"}],"curies":[{"name":"wp","href":"https:\/\/api.w.org\/{rel}","templated":true}]}}