{"id":6276,"date":"2026-04-21T20:15:36","date_gmt":"2026-04-21T18:15:36","guid":{"rendered":"http:\/\/pkas.cz\/?p=6276"},"modified":"2026-04-21T20:24:17","modified_gmt":"2026-04-21T18:24:17","slug":"pozvanka-na-finalove-kolo-atleticke-extraligy-konane-v-plzni-informace-o-vstupenkach","status":"publish","type":"post","link":"http:\/\/pkas.cz\/?p=6276","title":{"rendered":"Pozv\u00e1nka na fin\u00e1lov\u00e9 kolo atletick\u00e9 extraligy konan\u00e9 v Plzni, informace o vstupenk\u00e1ch"},"content":{"rendered":"\n<p>V\u00e1\u017een\u00ed sportovn\u00ed p\u0159\u00e1tel\u00e9,<\/p>\n\n\n\n<p>atletick\u00fd klub AK \u0160KODA Plze\u0148 V\u00e1s srde\u010dn\u011b zve na jeden z vrchol\u016f leto\u0161n\u00ed dom\u00e1c\u00ed sez\u00f3ny \u2013\u00a0fin\u00e1lov\u00e9 kolo atletick\u00e9 Extraligy mu\u017e\u016f a \u017een, kter\u00e9 se uskute\u010dn\u00ed <strong>v ned\u011bli\u00a021. \u010dervna 2026<\/strong>\u00a0na Atletick\u00e9m stadionu m\u011bsta Plzn\u011b. Na startu uvid\u00edte kompletn\u00ed \u010deskou \u0161pi\u010dku, reprezentanty a dom\u00e1c\u00ed t\u00fdm \u0160kodovky\u00a0mu\u017e\u016f i \u017een\u00a0v p\u0159\u00edm\u00e9m souboji o extraligov\u00fd titul. Pro \u010dleny Va\u0161eho klubu, jejich rodi\u010de a p\u0159\u00e1tele jsme p\u0159ipravili speci\u00e1ln\u00ed nab\u00eddku:\u00a0<strong>vstupenky na hlavn\u00ed tribunu zdarma<\/strong>.<\/p>\n\n\n\n<p>Jak vstupenky z\u00edskat?<\/p>\n\n\n\n<ul>\n<li>Objedn\u00e1vky:\u00a0e-mailem na adresu\u00a0<a href=\"mailto:mneuvirt@atletika.cz\" target=\"_blank\" rel=\"noreferrer noopener\">mneuvirt@atletika.cz<\/a><\/li>\n\n\n\n<li>Term\u00edn:\u00a0nejpozd\u011bji do pond\u011bl\u00ed\u00a018. 5. 2026\u00a0(po tomto datu ji\u017e nem\u016f\u017eeme voln\u00e9 vstupenky garantovat).<\/li>\n\n\n\n<li>Vyzvednut\u00ed:\u00a0od 1. 6. do 19. 6. v klubov\u00e9 kav\u00e1rn\u011b BOMBA Caf\u00e9 (budou ulo\u017eeny na Va\u0161e jm\u00e9no), p\u0159\u00edpadn\u011b v den z\u00e1vodu p\u0159\u00edmo u vstupu na stadion.<\/li>\n<\/ul>\n\n\n\n<p>V\u011b\u0159\u00edme, \u017ee \u0161pi\u010dkov\u00e1 atletika v tomto atraktivn\u00edm ligov\u00e9m form\u00e1tu bude pro Va\u0161e sv\u011b\u0159ence skv\u011blou motivac\u00ed do dal\u0161\u00edho tr\u00e9ninku.&nbsp;<\/p>\n\n\n\n<p>\u010casov\u00fd po\u0159ad a propozice ke sta\u017een\u00ed&nbsp;<a href=\"https:\/\/online.atletika.cz\/Propozice\/propozice\/85971\" target=\"_blank\" rel=\"noreferrer noopener\">ZDE<\/a>.&nbsp;<\/p>\n\n\n\n<p>T\u011b\u0161\u00edme se na V\u00e1s v Plzni!<\/p>\n\n\n<div class=\"wp-block-image\">\n<figure class=\"aligncenter size-large is-resized\"><img loading=\"lazy\" decoding=\"async\" width=\"1024\" height=\"683\" src=\"http:\/\/pkas.cz\/wp-content\/uploads\/2026\/04\/jjj-1024x683.jpg\" alt=\"\" class=\"wp-image-6278\" style=\"width:443px;height:auto\" srcset=\"http:\/\/pkas.cz\/wp-content\/uploads\/2026\/04\/jjj-1024x683.jpg 1024w, http:\/\/pkas.cz\/wp-content\/uploads\/2026\/04\/jjj-300x200.jpg 300w, http:\/\/pkas.cz\/wp-content\/uploads\/2026\/04\/jjj-768x512.jpg 768w, http:\/\/pkas.cz\/wp-content\/uploads\/2026\/04\/jjj-1536x1025.jpg 1536w, http:\/\/pkas.cz\/wp-content\/uploads\/2026\/04\/jjj.jpg 2048w\" sizes=\"(max-width: 1024px) 100vw, 1024px\" \/><figcaption class=\"wp-element-caption\">   <em>Zlat\u00fd t\u00fdm \u017een z M\u010cR dru\u017estev 2025<\/em><\/figcaption><\/figure><\/div>","protected":false},"excerpt":{"rendered":"<p>V\u00e1\u017een\u00ed sportovn\u00ed p\u0159\u00e1tel\u00e9, atletick\u00fd klub AK \u0160KODA Plze\u0148 V\u00e1s srde\u010dn\u011b zve na jeden z vrchol\u016f leto\u0161n\u00ed dom\u00e1c\u00ed sez\u00f3ny \u2013\u00a0fin\u00e1lov\u00e9 kolo atletick\u00e9 Extraligy mu\u017e\u016f a \u017een,&hellip;<\/p>\n","protected":false},"author":4,"featured_media":6278,"comment_status":"closed","ping_status":"closed","sticky":false,"template":"","format":"standard","meta":{"footnotes":""},"categories":[27],"tags":[],"jetpack_sharing_enabled":true,"jetpack_featured_media_url":"http:\/\/pkas.cz\/wp-content\/uploads\/2026\/04\/jjj.jpg","_links":{"self":[{"href":"http:\/\/pkas.cz\/index.php?rest_route=\/wp\/v2\/posts\/6276"}],"collection":[{"href":"http:\/\/pkas.cz\/index.php?rest_route=\/wp\/v2\/posts"}],"about":[{"href":"http:\/\/pkas.cz\/index.php?rest_route=\/wp\/v2\/types\/post"}],"author":[{"embeddable":true,"href":"http:\/\/pkas.cz\/index.php?rest_route=\/wp\/v2\/users\/4"}],"replies":[{"embeddable":true,"href":"http:\/\/pkas.cz\/index.php?rest_route=%2Fwp%2Fv2%2Fcomments&post=6276"}],"version-history":[{"count":3,"href":"http:\/\/pkas.cz\/index.php?rest_route=\/wp\/v2\/posts\/6276\/revisions"}],"predecessor-version":[{"id":6280,"href":"http:\/\/pkas.cz\/index.php?rest_route=\/wp\/v2\/posts\/6276\/revisions\/6280"}],"wp:featuredmedia":[{"embeddable":true,"href":"http:\/\/pkas.cz\/index.php?rest_route=\/wp\/v2\/media\/6278"}],"wp:attachment":[{"href":"http:\/\/pkas.cz\/index.php?rest_route=%2Fwp%2Fv2%2Fmedia&parent=6276"}],"wp:term":[{"taxonomy":"category","embeddable":true,"href":"http:\/\/pkas.cz\/index.php?rest_route=%2Fwp%2Fv2%2Fcategories&post=6276"},{"taxonomy":"post_tag","embeddable":true,"href":"http:\/\/pkas.cz\/index.php?rest_route=%2Fwp%2Fv2%2Ftags&post=6276"}],"curies":[{"name":"wp","href":"https:\/\/api.w.org\/{rel}","templated":true}]}}