{"id":6258,"date":"2026-04-17T14:41:56","date_gmt":"2026-04-17T12:41:56","guid":{"rendered":"http:\/\/pkas.cz\/?p=6258"},"modified":"2026-04-17T14:41:56","modified_gmt":"2026-04-17T12:41:56","slug":"vysel-zapis-z-jednani-valne-hromady-pkas-2","status":"publish","type":"post","link":"http:\/\/pkas.cz\/?p=6258","title":{"rendered":"Vy\u0161el z\u00e1pis z jedn\u00e1n\u00ed Valn\u00e9 hromady PKAS"},"content":{"rendered":"<div class=\"wp-block-image\">\n<figure class=\"aligncenter size-full is-resized\"><img loading=\"lazy\" decoding=\"async\" width=\"525\" height=\"344\" src=\"http:\/\/pkas.cz\/wp-content\/uploads\/2024\/02\/PKAS-logo-right-vetsi.png\" alt=\"\" class=\"wp-image-4287\" style=\"width:353px;height:auto\" srcset=\"http:\/\/pkas.cz\/wp-content\/uploads\/2024\/02\/PKAS-logo-right-vetsi.png 525w, http:\/\/pkas.cz\/wp-content\/uploads\/2024\/02\/PKAS-logo-right-vetsi-300x197.png 300w\" sizes=\"(max-width: 525px) 100vw, 525px\" \/><figcaption class=\"wp-element-caption\">   <\/figcaption><\/figure><\/div>\n\n\n<p>Dne 18. b\u0159ezna 2026 se do 17 hodin konala v zasedac\u00ed m\u00edstnosti Sportovn\u00edho gymn\u00e1zia Plze\u0148 Valn\u00e1 hromada Plze\u0148sk\u00e9ho krajsk\u00e9ho atletick\u00e9ho svazu. Z\u00e1pis a ve\u0161ker\u00e9 p\u0159\u00edlohy naleznete na t\u011bchto odkazech:<\/p>\n\n\n\n<p><a href=\"http:\/\/pkas.cz\/wp-content\/uploads\/2026\/04\/Zapis_VH_PKAS_2026.pdf\" target=\"_blank\" rel=\"noreferrer noopener\">Z\u00c1PIS VH PKAS 2026<\/a><br><a href=\"http:\/\/pkas.cz\/wp-content\/uploads\/2026\/04\/Prezencni_listina_VH_PKAS_2026.pdf\" target=\"_blank\" rel=\"noreferrer noopener\">Prezen\u010dn\u00ed listina VH PKAS 2026<\/a><br><a href=\"http:\/\/pkas.cz\/wp-content\/uploads\/2026\/04\/Prilohykzapisu2026.pdf\" target=\"_blank\" rel=\"noreferrer noopener\">P\u0159\u00edlohy 1-7 k VH PKAS 2026<\/a><\/p>\n","protected":false},"excerpt":{"rendered":"<p>Dne 18. b\u0159ezna 2026 se do 17 hodin konala v zasedac\u00ed m\u00edstnosti Sportovn\u00edho gymn\u00e1zia Plze\u0148 Valn\u00e1 hromada Plze\u0148sk\u00e9ho krajsk\u00e9ho atletick\u00e9ho svazu. Z\u00e1pis a ve\u0161ker\u00e9 p\u0159\u00edlohy&hellip;<\/p>\n","protected":false},"author":4,"featured_media":4287,"comment_status":"closed","ping_status":"closed","sticky":false,"template":"","format":"standard","meta":{"footnotes":""},"categories":[2],"tags":[],"jetpack_sharing_enabled":true,"jetpack_featured_media_url":"http:\/\/pkas.cz\/wp-content\/uploads\/2024\/02\/PKAS-logo-right-vetsi.png","_links":{"self":[{"href":"http:\/\/pkas.cz\/index.php?rest_route=\/wp\/v2\/posts\/6258"}],"collection":[{"href":"http:\/\/pkas.cz\/index.php?rest_route=\/wp\/v2\/posts"}],"about":[{"href":"http:\/\/pkas.cz\/index.php?rest_route=\/wp\/v2\/types\/post"}],"author":[{"embeddable":true,"href":"http:\/\/pkas.cz\/index.php?rest_route=\/wp\/v2\/users\/4"}],"replies":[{"embeddable":true,"href":"http:\/\/pkas.cz\/index.php?rest_route=%2Fwp%2Fv2%2Fcomments&post=6258"}],"version-history":[{"count":2,"href":"http:\/\/pkas.cz\/index.php?rest_route=\/wp\/v2\/posts\/6258\/revisions"}],"predecessor-version":[{"id":6274,"href":"http:\/\/pkas.cz\/index.php?rest_route=\/wp\/v2\/posts\/6258\/revisions\/6274"}],"wp:featuredmedia":[{"embeddable":true,"href":"http:\/\/pkas.cz\/index.php?rest_route=\/wp\/v2\/media\/4287"}],"wp:attachment":[{"href":"http:\/\/pkas.cz\/index.php?rest_route=%2Fwp%2Fv2%2Fmedia&parent=6258"}],"wp:term":[{"taxonomy":"category","embeddable":true,"href":"http:\/\/pkas.cz\/index.php?rest_route=%2Fwp%2Fv2%2Fcategories&post=6258"},{"taxonomy":"post_tag","embeddable":true,"href":"http:\/\/pkas.cz\/index.php?rest_route=%2Fwp%2Fv2%2Ftags&post=6258"}],"curies":[{"name":"wp","href":"https:\/\/api.w.org\/{rel}","templated":true}]}}