{"id":6249,"date":"2026-04-13T21:42:30","date_gmt":"2026-04-13T19:42:30","guid":{"rendered":"http:\/\/pkas.cz\/?p=6249"},"modified":"2026-04-13T21:42:30","modified_gmt":"2026-04-13T19:42:30","slug":"probehl-doskolovaci-seminar-pro-trenery-atleticke-pripravky","status":"publish","type":"post","link":"http:\/\/pkas.cz\/?p=6249","title":{"rendered":"Prob\u011bhl do\u0161kolovac\u00ed semin\u00e1\u0159 pro tren\u00e9ry atletick\u00e9 p\u0159\u00edpravky"},"content":{"rendered":"<div class=\"wp-block-image\">\n<figure class=\"aligncenter size-large is-resized\"><img loading=\"lazy\" decoding=\"async\" width=\"1024\" height=\"768\" src=\"http:\/\/pkas.cz\/wp-content\/uploads\/2026\/04\/5ebeeb34-9bf7-4049-8590-9935a6936ddb-1024x768.jpg\" alt=\"\" class=\"wp-image-6250\" style=\"width:372px;height:auto\" srcset=\"http:\/\/pkas.cz\/wp-content\/uploads\/2026\/04\/5ebeeb34-9bf7-4049-8590-9935a6936ddb-1024x768.jpg 1024w, http:\/\/pkas.cz\/wp-content\/uploads\/2026\/04\/5ebeeb34-9bf7-4049-8590-9935a6936ddb-300x225.jpg 300w, http:\/\/pkas.cz\/wp-content\/uploads\/2026\/04\/5ebeeb34-9bf7-4049-8590-9935a6936ddb-768x576.jpg 768w, http:\/\/pkas.cz\/wp-content\/uploads\/2026\/04\/5ebeeb34-9bf7-4049-8590-9935a6936ddb-1536x1152.jpg 1536w, http:\/\/pkas.cz\/wp-content\/uploads\/2026\/04\/5ebeeb34-9bf7-4049-8590-9935a6936ddb.jpg 1600w\" sizes=\"(max-width: 1024px) 100vw, 1024px\" \/><figcaption class=\"wp-element-caption\">   <\/figcaption><\/figure><\/div>\n\n\n<p>V sobotu 11. 4. 2026 prob\u011bhl v plze\u0148sk\u00fdch Skvr\u0148anech do\u0161kolovac\u00ed semin\u00e1\u0159 pro tren\u00e9ry atletick\u00e9 p\u0159\u00edpravky (TAP). Z Plze\u0148sk\u00e9ho a Karlovarsk\u00e9ho kraje se n\u00e1mi organizovan\u00e9ho programu z\u00fa\u010dastnilo 25 tren\u00e9rek a tren\u00e9r\u016f. Na programu byly p\u0159edn\u00e1\u0161ky a praktick\u00e9 uk\u00e1zky, jak v tr\u00e9ninku nejmlad\u0161\u00edch atletek a atlet\u016f zapojit a vyu\u017e\u00edt pro jejich rozvoj m\u00ed\u010dov\u00e9 hry a gymnastickou pr\u016fpravu nebo jak aplikovat v tr\u00e9ninku fyzio prvky hrav\u00fdm zp\u016fsobem.<\/p>\n\n\n\n<div class=\"wp-block-columns is-layout-flex wp-container-core-columns-layout-1 wp-block-columns-is-layout-flex\">\n<div class=\"wp-block-column is-layout-flow wp-block-column-is-layout-flow\"><div class=\"wp-block-image\">\n<figure class=\"aligncenter size-large is-resized\"><img loading=\"lazy\" decoding=\"async\" width=\"1024\" height=\"876\" src=\"http:\/\/pkas.cz\/wp-content\/uploads\/2026\/04\/8ab0a82e-c9e1-40ce-821b-cf5639ed44ce-1024x876.jpg\" alt=\"\" class=\"wp-image-6251\" style=\"width:379px;height:auto\" srcset=\"http:\/\/pkas.cz\/wp-content\/uploads\/2026\/04\/8ab0a82e-c9e1-40ce-821b-cf5639ed44ce-1024x876.jpg 1024w, http:\/\/pkas.cz\/wp-content\/uploads\/2026\/04\/8ab0a82e-c9e1-40ce-821b-cf5639ed44ce-300x257.jpg 300w, http:\/\/pkas.cz\/wp-content\/uploads\/2026\/04\/8ab0a82e-c9e1-40ce-821b-cf5639ed44ce-768x657.jpg 768w, http:\/\/pkas.cz\/wp-content\/uploads\/2026\/04\/8ab0a82e-c9e1-40ce-821b-cf5639ed44ce.jpg 1200w\" sizes=\"(max-width: 1024px) 100vw, 1024px\" \/><\/figure><\/div><\/div>\n\n\n\n<div class=\"wp-block-column is-layout-flow wp-block-column-is-layout-flow\"><div class=\"wp-block-image\">\n<figure class=\"aligncenter size-large is-resized\"><img loading=\"lazy\" decoding=\"async\" width=\"1024\" height=\"820\" src=\"http:\/\/pkas.cz\/wp-content\/uploads\/2026\/04\/e651b08e-9d40-4dad-b6b6-6a35554cfdd4-1024x820.jpg\" alt=\"\" class=\"wp-image-6252\" style=\"width:403px;height:auto\" srcset=\"http:\/\/pkas.cz\/wp-content\/uploads\/2026\/04\/e651b08e-9d40-4dad-b6b6-6a35554cfdd4-1024x820.jpg 1024w, http:\/\/pkas.cz\/wp-content\/uploads\/2026\/04\/e651b08e-9d40-4dad-b6b6-6a35554cfdd4-300x240.jpg 300w, http:\/\/pkas.cz\/wp-content\/uploads\/2026\/04\/e651b08e-9d40-4dad-b6b6-6a35554cfdd4-768x615.jpg 768w, http:\/\/pkas.cz\/wp-content\/uploads\/2026\/04\/e651b08e-9d40-4dad-b6b6-6a35554cfdd4.jpg 1200w\" sizes=\"(max-width: 1024px) 100vw, 1024px\" \/><\/figure><\/div><\/div>\n<\/div>\n","protected":false},"excerpt":{"rendered":"<p>V sobotu 11. 4. 2026 prob\u011bhl v plze\u0148sk\u00fdch Skvr\u0148anech do\u0161kolovac\u00ed semin\u00e1\u0159 pro tren\u00e9ry atletick\u00e9 p\u0159\u00edpravky (TAP). Z Plze\u0148sk\u00e9ho a Karlovarsk\u00e9ho kraje se n\u00e1mi organizovan\u00e9ho programu&hellip;<\/p>\n","protected":false},"author":4,"featured_media":6250,"comment_status":"closed","ping_status":"closed","sticky":false,"template":"","format":"standard","meta":{"footnotes":""},"categories":[3],"tags":[],"jetpack_sharing_enabled":true,"jetpack_featured_media_url":"http:\/\/pkas.cz\/wp-content\/uploads\/2026\/04\/5ebeeb34-9bf7-4049-8590-9935a6936ddb.jpg","_links":{"self":[{"href":"http:\/\/pkas.cz\/index.php?rest_route=\/wp\/v2\/posts\/6249"}],"collection":[{"href":"http:\/\/pkas.cz\/index.php?rest_route=\/wp\/v2\/posts"}],"about":[{"href":"http:\/\/pkas.cz\/index.php?rest_route=\/wp\/v2\/types\/post"}],"author":[{"embeddable":true,"href":"http:\/\/pkas.cz\/index.php?rest_route=\/wp\/v2\/users\/4"}],"replies":[{"embeddable":true,"href":"http:\/\/pkas.cz\/index.php?rest_route=%2Fwp%2Fv2%2Fcomments&post=6249"}],"version-history":[{"count":1,"href":"http:\/\/pkas.cz\/index.php?rest_route=\/wp\/v2\/posts\/6249\/revisions"}],"predecessor-version":[{"id":6253,"href":"http:\/\/pkas.cz\/index.php?rest_route=\/wp\/v2\/posts\/6249\/revisions\/6253"}],"wp:featuredmedia":[{"embeddable":true,"href":"http:\/\/pkas.cz\/index.php?rest_route=\/wp\/v2\/media\/6250"}],"wp:attachment":[{"href":"http:\/\/pkas.cz\/index.php?rest_route=%2Fwp%2Fv2%2Fmedia&parent=6249"}],"wp:term":[{"taxonomy":"category","embeddable":true,"href":"http:\/\/pkas.cz\/index.php?rest_route=%2Fwp%2Fv2%2Fcategories&post=6249"},{"taxonomy":"post_tag","embeddable":true,"href":"http:\/\/pkas.cz\/index.php?rest_route=%2Fwp%2Fv2%2Ftags&post=6249"}],"curies":[{"name":"wp","href":"https:\/\/api.w.org\/{rel}","templated":true}]}}