{"id":624,"date":"2019-12-02T11:32:28","date_gmt":"2019-12-02T10:32:28","guid":{"rendered":"http:\/\/pkas.cz\/?p=624"},"modified":"2019-12-02T11:40:49","modified_gmt":"2019-12-02T10:40:49","slug":"v-plzni-probehlo-skoleni-treneru-zactva","status":"publish","type":"post","link":"http:\/\/pkas.cz\/?p=624","title":{"rendered":"V Plzni prob\u011bhlo \u0161kolen\u00ed tren\u00e9r\u016f \u017eactva"},"content":{"rendered":"\n<p>V\u0161ech osmadvacet tren\u00e9r\u016f \u00fasp\u011b\u0161n\u011b absolvovalo b\u011bhem uplynul\u00e9ho v\u00edkendu \u0161kolen\u00ed tren\u00e9r\u016f \u017eactva v Plzni. Po\u0159adatelem \u0161kolen\u00ed byl atletick\u00fd odd\u00edl AK \u0160koda Plze\u0148. Z\u00e1jemci o \u0161kolen\u00ed se pod dohledem t\u00e9m\u011b\u0159 des\u00edtky lektor\u016f sezn\u00e1mili se z\u00e1kladn\u00edmi atletick\u00fdmi discipl\u00ednami, gymnastickou p\u0159\u00edpravou atleta, ale i nap\u0159\u00edklad s poskytov\u00e1n\u00edm prvn\u00ed pomoci. <\/p>\n\n\n\n<figure class=\"wp-block-image\"><img decoding=\"async\" src=\"http:\/\/pkas.cz\/wp-content\/uploads\/2019\/12\/IMG_2212.jpg\" alt=\"\" class=\"wp-image-622\"\/><figcaption>Uk\u00e1zka n\u00e1cviku skoku dalek\u00e9ho od lektora Mgr. Luk\u00e1\u0161e Lintimera<\/figcaption><\/figure>\n\n\n\n<figure class=\"wp-block-image\"><img loading=\"lazy\" decoding=\"async\" width=\"1024\" height=\"768\" src=\"http:\/\/pkas.cz\/wp-content\/uploads\/2019\/12\/petra-1024x768.jpg\" alt=\"\" class=\"wp-image-630\" srcset=\"http:\/\/pkas.cz\/wp-content\/uploads\/2019\/12\/petra-1024x768.jpg 1024w, http:\/\/pkas.cz\/wp-content\/uploads\/2019\/12\/petra-300x225.jpg 300w, http:\/\/pkas.cz\/wp-content\/uploads\/2019\/12\/petra-768x576.jpg 768w, http:\/\/pkas.cz\/wp-content\/uploads\/2019\/12\/petra.jpg 1600w\" sizes=\"(max-width: 1024px) 100vw, 1024px\" \/><figcaption>Gymnastick\u00e1 p\u0159\u00edprava atleta pod veden\u00edm Mgr. Petry \u0160pottov\u00e9 Ph.D.<\/figcaption><\/figure>\n","protected":false},"excerpt":{"rendered":"<p>V\u0161ech osmadvacet tren\u00e9r\u016f \u00fasp\u011b\u0161n\u011b absolvovalo b\u011bhem uplynul\u00e9ho v\u00edkendu \u0161kolen\u00ed tren\u00e9r\u016f \u017eactva v Plzni. Po\u0159adatelem \u0161kolen\u00ed byl atletick\u00fd odd\u00edl AK \u0160koda Plze\u0148. Z\u00e1jemci o \u0161kolen\u00ed se&hellip;<\/p>\n","protected":false},"author":3,"featured_media":625,"comment_status":"closed","ping_status":"closed","sticky":false,"template":"","format":"standard","meta":{"footnotes":""},"categories":[1],"tags":[],"jetpack_sharing_enabled":true,"jetpack_featured_media_url":"http:\/\/pkas.cz\/wp-content\/uploads\/2019\/12\/IMG_2443-1.jpg","_links":{"self":[{"href":"http:\/\/pkas.cz\/index.php?rest_route=\/wp\/v2\/posts\/624"}],"collection":[{"href":"http:\/\/pkas.cz\/index.php?rest_route=\/wp\/v2\/posts"}],"about":[{"href":"http:\/\/pkas.cz\/index.php?rest_route=\/wp\/v2\/types\/post"}],"author":[{"embeddable":true,"href":"http:\/\/pkas.cz\/index.php?rest_route=\/wp\/v2\/users\/3"}],"replies":[{"embeddable":true,"href":"http:\/\/pkas.cz\/index.php?rest_route=%2Fwp%2Fv2%2Fcomments&post=624"}],"version-history":[{"count":3,"href":"http:\/\/pkas.cz\/index.php?rest_route=\/wp\/v2\/posts\/624\/revisions"}],"predecessor-version":[{"id":631,"href":"http:\/\/pkas.cz\/index.php?rest_route=\/wp\/v2\/posts\/624\/revisions\/631"}],"wp:featuredmedia":[{"embeddable":true,"href":"http:\/\/pkas.cz\/index.php?rest_route=\/wp\/v2\/media\/625"}],"wp:attachment":[{"href":"http:\/\/pkas.cz\/index.php?rest_route=%2Fwp%2Fv2%2Fmedia&parent=624"}],"wp:term":[{"taxonomy":"category","embeddable":true,"href":"http:\/\/pkas.cz\/index.php?rest_route=%2Fwp%2Fv2%2Fcategories&post=624"},{"taxonomy":"post_tag","embeddable":true,"href":"http:\/\/pkas.cz\/index.php?rest_route=%2Fwp%2Fv2%2Ftags&post=624"}],"curies":[{"name":"wp","href":"https:\/\/api.w.org\/{rel}","templated":true}]}}