{"id":6201,"date":"2026-03-26T10:38:29","date_gmt":"2026-03-26T09:38:29","guid":{"rendered":"http:\/\/pkas.cz\/?p=6201"},"modified":"2026-03-25T12:33:59","modified_gmt":"2026-03-25T11:33:59","slug":"ostepar-vyska-zvitezil-v-krajskem-rekordu-na-evropskem-vrhacskem-poharu","status":"publish","type":"post","link":"http:\/\/pkas.cz\/?p=6201","title":{"rendered":"O\u0161t\u011bpa\u0159 V\u00fd\u0161ka zv\u00edt\u011bzil v krajsk\u00e9m rekordu na evropsk\u00e9m vrha\u010dsk\u00e9m poh\u00e1ru"},"content":{"rendered":"\n<p>Jedn\u00edm z prvn\u00edch z\u00e1vod\u016f venkovn\u00ed sez\u00f3ny byl tradi\u010dn\u011b Evropsk\u00fd poh\u00e1r ve vrz\u00edch a hodech, kter\u00fd se letos konal 14. a 15. b\u0159ezna na Kypru. Do upr\u0161en\u00e9 Nik\u00f3sie se vydala hned \u010dtve\u0159ice z\u00e1vodn\u00edk\u016f AK \u0160KODY Plze\u0148.<\/p>\n\n\n<div class=\"wp-block-image\">\n<figure class=\"alignright size-large is-resized\"><img loading=\"lazy\" decoding=\"async\" width=\"1024\" height=\"683\" src=\"http:\/\/pkas.cz\/wp-content\/uploads\/2026\/03\/medaile-1024x683.webp\" alt=\"\" class=\"wp-image-6202\" style=\"width:372px;height:auto\" srcset=\"http:\/\/pkas.cz\/wp-content\/uploads\/2026\/03\/medaile-1024x683.webp 1024w, http:\/\/pkas.cz\/wp-content\/uploads\/2026\/03\/medaile-300x200.webp 300w, http:\/\/pkas.cz\/wp-content\/uploads\/2026\/03\/medaile-768x512.webp 768w, http:\/\/pkas.cz\/wp-content\/uploads\/2026\/03\/medaile-1536x1025.webp 1536w, http:\/\/pkas.cz\/wp-content\/uploads\/2026\/03\/medaile.webp 2000w\" sizes=\"(max-width: 1024px) 100vw, 1024px\" \/><figcaption class=\"wp-element-caption\"><em>Jan V\u00fd\u0161ka (druh\u00fd zleva), Franti\u0161ek Jab\u016frek (vpravo)<\/em><\/figcaption><\/figure><\/div>\n\n\n<p>O nejlep\u0161\u00ed v\u00fdsledek se postaral o\u0161t\u011bpa\u0159 <strong>Jan V\u00fd\u0161ka<\/strong>, kter\u00fd si vytvo\u0159il nov\u00fd osobn\u00ed rekord 79.71 m a zv\u00edt\u011bzil v kategorii mu\u017e\u016f do 22 let. Tento v\u00fdkon je z\u00e1rove\u0148 nov\u00fdm krajsk\u00fdm rekordem v mu\u017esk\u00e9 kategorii (o\u0161t\u011bp 800 g). P\u00e1t\u00e9 m\u00edsto obsadil v koula\u0159sk\u00e9 sout\u011b\u017ei mu\u017e\u016f do 22 let <strong>Franti\u0161ek Jab\u016frek<\/strong>, jeho\u017e nejdel\u0161\u00ed pokus m\u011b\u0159il 17.91 m a rovn\u011b\u017e t\u00edm posunul venkovn\u00ed krajsk\u00fd rekord dosp\u011bl\u00e9 kategorie (koule 7,26 kg). Spolu s \u010desk\u00fdmi kolegy diska\u0159em Janem Svozilem a\u00a0kladiv\u00e1\u0159em J\u00e1chymem S\u00e1dovsk\u00fdm vybojovala tato \u010dtve\u0159ice st\u0159\u00edbrn\u00e9 t\u00fdmov\u00e9 medaile v kategorii mu\u017e\u016f U23.<\/p>\n\n\n\n<p>Na dev\u00e1t\u00e9m m\u00edst\u011b skon\u010dila v konkurenci evropsk\u00fdch o\u0161t\u011bpa\u0159ek <strong>Petra Si\u010dakov\u00e1<\/strong>, kter\u00e1 p\u0159edvedla v\u00fdkon 53.99 m. V sou\u010dtu obou z\u00e1vodn\u00edch skupin pak patn\u00e1ctou pozici obsadila v\u00fdkonem 52.37 m diska\u0159ka<strong> Barbora Tich\u00e1<\/strong>.<\/p>\n\n\n\n<p>Na kompletn\u00ed v\u00fdsledky se m\u016f\u017eete pod\u00edvat na <a href=\"https:\/\/online.atletika.cz\/upload\/nicosia_14-15_3_2026.pdf\" target=\"_blank\" rel=\"noreferrer noopener\">tomto odkazu.<\/a><\/p>\n\n\n\n<p>Foto: \u010cAS &#8211; Jan Houska<\/p>\n\n\n<div class=\"wp-block-image\">\n<figure class=\"aligncenter size-large is-resized\"><img loading=\"lazy\" decoding=\"async\" width=\"1024\" height=\"683\" src=\"http:\/\/pkas.cz\/wp-content\/uploads\/2026\/03\/vyska-1024x683.webp\" alt=\"\" class=\"wp-image-6203\" style=\"width:425px;height:auto\" srcset=\"http:\/\/pkas.cz\/wp-content\/uploads\/2026\/03\/vyska-1024x683.webp 1024w, http:\/\/pkas.cz\/wp-content\/uploads\/2026\/03\/vyska-300x200.webp 300w, http:\/\/pkas.cz\/wp-content\/uploads\/2026\/03\/vyska-768x512.webp 768w, http:\/\/pkas.cz\/wp-content\/uploads\/2026\/03\/vyska-1536x1025.webp 1536w, http:\/\/pkas.cz\/wp-content\/uploads\/2026\/03\/vyska.webp 2000w\" sizes=\"(max-width: 1024px) 100vw, 1024px\" \/><figcaption class=\"wp-element-caption\"><em>Jan V\u00fd\u0161ka (vpravo)<\/em><\/figcaption><\/figure><\/div>","protected":false},"excerpt":{"rendered":"<p>Jedn\u00edm z prvn\u00edch z\u00e1vod\u016f venkovn\u00ed sez\u00f3ny byl tradi\u010dn\u011b Evropsk\u00fd poh\u00e1r ve vrz\u00edch a hodech, kter\u00fd se letos konal 14. a 15. b\u0159ezna na Kypru. Do&hellip;<\/p>\n","protected":false},"author":4,"featured_media":6205,"comment_status":"closed","ping_status":"closed","sticky":false,"template":"","format":"standard","meta":{"footnotes":""},"categories":[1],"tags":[],"jetpack_sharing_enabled":true,"jetpack_featured_media_url":"http:\/\/pkas.cz\/wp-content\/uploads\/2026\/03\/vyskaaa.webp","_links":{"self":[{"href":"http:\/\/pkas.cz\/index.php?rest_route=\/wp\/v2\/posts\/6201"}],"collection":[{"href":"http:\/\/pkas.cz\/index.php?rest_route=\/wp\/v2\/posts"}],"about":[{"href":"http:\/\/pkas.cz\/index.php?rest_route=\/wp\/v2\/types\/post"}],"author":[{"embeddable":true,"href":"http:\/\/pkas.cz\/index.php?rest_route=\/wp\/v2\/users\/4"}],"replies":[{"embeddable":true,"href":"http:\/\/pkas.cz\/index.php?rest_route=%2Fwp%2Fv2%2Fcomments&post=6201"}],"version-history":[{"count":2,"href":"http:\/\/pkas.cz\/index.php?rest_route=\/wp\/v2\/posts\/6201\/revisions"}],"predecessor-version":[{"id":6206,"href":"http:\/\/pkas.cz\/index.php?rest_route=\/wp\/v2\/posts\/6201\/revisions\/6206"}],"wp:featuredmedia":[{"embeddable":true,"href":"http:\/\/pkas.cz\/index.php?rest_route=\/wp\/v2\/media\/6205"}],"wp:attachment":[{"href":"http:\/\/pkas.cz\/index.php?rest_route=%2Fwp%2Fv2%2Fmedia&parent=6201"}],"wp:term":[{"taxonomy":"category","embeddable":true,"href":"http:\/\/pkas.cz\/index.php?rest_route=%2Fwp%2Fv2%2Fcategories&post=6201"},{"taxonomy":"post_tag","embeddable":true,"href":"http:\/\/pkas.cz\/index.php?rest_route=%2Fwp%2Fv2%2Ftags&post=6201"}],"curies":[{"name":"wp","href":"https:\/\/api.w.org\/{rel}","templated":true}]}}