{"id":6186,"date":"2026-03-18T10:40:56","date_gmt":"2026-03-18T09:40:56","guid":{"rendered":"http:\/\/pkas.cz\/?p=6186"},"modified":"2026-03-18T10:40:56","modified_gmt":"2026-03-18T09:40:56","slug":"halove-mistrovstvi-plzenskeho-kraje-predzactva-2026","status":"publish","type":"post","link":"http:\/\/pkas.cz\/?p=6186","title":{"rendered":"Halov\u00e9 Mistrovstv\u00ed Plze\u0148sk\u00e9ho kraje p\u0159ed\u017eactva 2026"},"content":{"rendered":"<div class=\"wp-block-image\">\n<figure class=\"alignleft size-large is-resized\"><img loading=\"lazy\" decoding=\"async\" width=\"1024\" height=\"768\" src=\"http:\/\/pkas.cz\/wp-content\/uploads\/2026\/03\/hmpk-1-1024x768.jpeg\" alt=\"\" class=\"wp-image-6190\" style=\"width:373px;height:auto\" srcset=\"http:\/\/pkas.cz\/wp-content\/uploads\/2026\/03\/hmpk-1-1024x768.jpeg 1024w, http:\/\/pkas.cz\/wp-content\/uploads\/2026\/03\/hmpk-1-300x225.jpeg 300w, http:\/\/pkas.cz\/wp-content\/uploads\/2026\/03\/hmpk-1-768x576.jpeg 768w, http:\/\/pkas.cz\/wp-content\/uploads\/2026\/03\/hmpk-1-1536x1152.jpeg 1536w, http:\/\/pkas.cz\/wp-content\/uploads\/2026\/03\/hmpk-1.jpeg 1600w\" sizes=\"(max-width: 1024px) 100vw, 1024px\" \/><figcaption class=\"wp-element-caption\">    <\/figcaption><\/figure><\/div>\n\n\n<p>Prv\u00fd b\u0159eznov\u00fd den se do Plzn\u011b sjeli nejmlad\u0161\u00ed atletky a atleti z klub\u016f nap\u0159\u00ed\u010d cel\u00fdm Plze\u0148sk\u00fdm krajem, aby bok po boku z\u00e1vodili v atletick\u00e9m \u010dty\u0159boji p\u0159ed\u017eactva (ro\u010dn\u00edky 2015, 2016 a 2017). Ten se uskute\u010dnil pod veden\u00edm organiz\u00e1tor\u016f z TJ Sokol SG Plze\u0148-Pet\u0159\u00edn v atletick\u00e9m tunelu Sportovn\u00edho gymn\u00e1zia Plze\u0148 a z\u00fa\u010dastnilo se jej p\u0159es 150 z\u00e1vodnic a z\u00e1vodn\u00edk\u016f.<\/p>\n\n\n\n<p>D\u011bti, rozd\u011blen\u00e9 do dvou skupin dle odd\u00edlov\u00e9\/klubov\u00e9 p\u0159\u00edslu\u0161nosti, pom\u011b\u0159ily s\u00edly v discipl\u00edn\u00e1ch 60 m, 60 m p\u0159., ve skoku dalek\u00e9m, v hodu pln\u00fdm m\u00ed\u010dem a n\u011bkter\u00e9 z nich dokonce ve vlo\u017een\u00e9m z\u00e1vod\u011b ve skoku vysok\u00e9m.<\/p>\n\n\n\n<p>Tren\u00e9\u0159i a organiz\u00e1to\u0159i byli sv\u011bdky skv\u011bl\u00fdch v\u0161estrann\u00fdch v\u00fdkon\u016f a my je nyn\u00ed m\u016f\u017eeme formou tabulky p\u0159edlo\u017eit i v\u00e1m:<\/p>\n\n\n\n<p><a href=\"http:\/\/pkas.cz\/wp-content\/uploads\/2026\/03\/HMPK-p-2026-vsledky.xlsx\">V\u00ddSLEDKY HMPK <\/a><a href=\"http:\/\/pkas.cz\/wp-content\/uploads\/2026\/03\/HMPK-p-2026-vsledky.xlsx\" target=\"_blank\" rel=\"noreferrer noopener\">P\u0158ED\u017dACTVA<\/a><a href=\"http:\/\/pkas.cz\/wp-content\/uploads\/2026\/03\/HMPK-p-2026-vsledky.xlsx\"> 2026<\/a><\/p>\n\n\n\n<p>Gratulujeme nejen v\u0161em medailist\u016fm, ale tak\u00e9 v\u0161em z\u00fa\u010dastn\u011bn\u00fdm d\u011btem, pro kter\u00e9 se mnohdy jednalo o prvn\u00ed absolvovan\u00fd z\u00e1vod jejich sout\u011b\u017en\u00ed kari\u00e9ry!<\/p>\n\n\n\n<p>Za cel\u00fd t\u00fdm organiz\u00e1tor\u016f \u0159editel z\u00e1vodu<br>Mgr. Ale\u0161 Sutnar<\/p>\n\n\n\n<div class=\"wp-block-columns is-layout-flex wp-container-core-columns-layout-1 wp-block-columns-is-layout-flex\">\n<div class=\"wp-block-column is-layout-flow wp-block-column-is-layout-flow\"><div class=\"wp-block-image\">\n<figure class=\"aligncenter size-large is-resized\"><img loading=\"lazy\" decoding=\"async\" width=\"768\" height=\"1024\" src=\"http:\/\/pkas.cz\/wp-content\/uploads\/2026\/03\/hmpk-2-768x1024.jpeg\" alt=\"\" class=\"wp-image-6191\" style=\"width:259px;height:auto\" srcset=\"http:\/\/pkas.cz\/wp-content\/uploads\/2026\/03\/hmpk-2-768x1024.jpeg 768w, http:\/\/pkas.cz\/wp-content\/uploads\/2026\/03\/hmpk-2-225x300.jpeg 225w, http:\/\/pkas.cz\/wp-content\/uploads\/2026\/03\/hmpk-2-1152x1536.jpeg 1152w, http:\/\/pkas.cz\/wp-content\/uploads\/2026\/03\/hmpk-2-1536x2048.jpeg 1536w, http:\/\/pkas.cz\/wp-content\/uploads\/2026\/03\/hmpk-2.jpeg 1548w\" sizes=\"(max-width: 768px) 100vw, 768px\" \/><\/figure><\/div><\/div>\n\n\n\n<div class=\"wp-block-column is-layout-flow wp-block-column-is-layout-flow\"><div class=\"wp-block-image\">\n<figure class=\"aligncenter size-large\"><img loading=\"lazy\" decoding=\"async\" width=\"1024\" height=\"768\" src=\"http:\/\/pkas.cz\/wp-content\/uploads\/2026\/03\/hmpk-3-1024x768.jpeg\" alt=\"\" class=\"wp-image-6192\" srcset=\"http:\/\/pkas.cz\/wp-content\/uploads\/2026\/03\/hmpk-3-1024x768.jpeg 1024w, http:\/\/pkas.cz\/wp-content\/uploads\/2026\/03\/hmpk-3-300x225.jpeg 300w, http:\/\/pkas.cz\/wp-content\/uploads\/2026\/03\/hmpk-3-768x576.jpeg 768w, http:\/\/pkas.cz\/wp-content\/uploads\/2026\/03\/hmpk-3-1536x1152.jpeg 1536w, http:\/\/pkas.cz\/wp-content\/uploads\/2026\/03\/hmpk-3-2048x1536.jpeg 2048w\" sizes=\"(max-width: 1024px) 100vw, 1024px\" \/><\/figure><\/div><\/div>\n<\/div>\n","protected":false},"excerpt":{"rendered":"<p>Prv\u00fd b\u0159eznov\u00fd den se do Plzn\u011b sjeli nejmlad\u0161\u00ed atletky a atleti z klub\u016f nap\u0159\u00ed\u010d cel\u00fdm Plze\u0148sk\u00fdm krajem, aby bok po boku z\u00e1vodili v atletick\u00e9m \u010dty\u0159boji&hellip;<\/p>\n","protected":false},"author":4,"featured_media":6193,"comment_status":"closed","ping_status":"closed","sticky":false,"template":"","format":"standard","meta":{"footnotes":""},"categories":[1],"tags":[],"jetpack_sharing_enabled":true,"jetpack_featured_media_url":"http:\/\/pkas.cz\/wp-content\/uploads\/2026\/03\/hmpk-4.jpeg","_links":{"self":[{"href":"http:\/\/pkas.cz\/index.php?rest_route=\/wp\/v2\/posts\/6186"}],"collection":[{"href":"http:\/\/pkas.cz\/index.php?rest_route=\/wp\/v2\/posts"}],"about":[{"href":"http:\/\/pkas.cz\/index.php?rest_route=\/wp\/v2\/types\/post"}],"author":[{"embeddable":true,"href":"http:\/\/pkas.cz\/index.php?rest_route=\/wp\/v2\/users\/4"}],"replies":[{"embeddable":true,"href":"http:\/\/pkas.cz\/index.php?rest_route=%2Fwp%2Fv2%2Fcomments&post=6186"}],"version-history":[{"count":4,"href":"http:\/\/pkas.cz\/index.php?rest_route=\/wp\/v2\/posts\/6186\/revisions"}],"predecessor-version":[{"id":6195,"href":"http:\/\/pkas.cz\/index.php?rest_route=\/wp\/v2\/posts\/6186\/revisions\/6195"}],"wp:featuredmedia":[{"embeddable":true,"href":"http:\/\/pkas.cz\/index.php?rest_route=\/wp\/v2\/media\/6193"}],"wp:attachment":[{"href":"http:\/\/pkas.cz\/index.php?rest_route=%2Fwp%2Fv2%2Fmedia&parent=6186"}],"wp:term":[{"taxonomy":"category","embeddable":true,"href":"http:\/\/pkas.cz\/index.php?rest_route=%2Fwp%2Fv2%2Fcategories&post=6186"},{"taxonomy":"post_tag","embeddable":true,"href":"http:\/\/pkas.cz\/index.php?rest_route=%2Fwp%2Fv2%2Ftags&post=6186"}],"curies":[{"name":"wp","href":"https:\/\/api.w.org\/{rel}","templated":true}]}}