{"id":6,"date":"2019-07-14T11:17:31","date_gmt":"2019-07-14T09:17:31","guid":{"rendered":"http:\/\/pkas.cz\/?p=6"},"modified":"2019-09-01T10:42:21","modified_gmt":"2019-09-01T08:42:21","slug":"ctvrte-misto-pro-petrzilkovou-a-krizkovou-na-evropskych-hrach","status":"publish","type":"post","link":"http:\/\/pkas.cz\/?p=6","title":{"rendered":"\u010ctvrt\u00e9 m\u00edsto pro Petr\u017e\u00edlkovou a K\u0159\u00ed\u017ekovou na Evropsk\u00fdch hr\u00e1ch"},"content":{"rendered":"\n<h1 class=\"wp-block-heading\" style=\"text-align:center\">\u010ctvrt\u00e9 m\u00edsto pro Petr\u017e\u00edlkovou a K\u0159\u00ed\u017ekovou na Evropsk\u00fdch hr\u00e1ch<\/h1>\n\n\n\n<p>Tereza Petr\u017e\u00edlkov\u00e1 a Anna K\u0159\u00ed\u017ekov\u00e1 dopomohly t\u00fdmu \u010cesk\u00e9 republiky ke \u010dtvrt\u00e9mu m\u00edsti na Evropsk\u00fdch hr\u00e1ch v Minsku.\u00a0<br>Jak si vedli ve fin\u00e1lov\u00e9m kl\u00e1n\u00ed naleznete\u00a0<a href=\"https:\/\/www.atletika.cz\/aktuality\/cesi-v-minsku-tesne-pod-stupni-vitezu\/\">ZDE<\/a><br>A tak\u00e9 minirozhovor o t\u00e9to velk\u00e9 akci s Ani\u010dkou K\u0159\u00ed\u017ekovou\u00a0<a href=\"https:\/\/www.facebook.com\/czatletika\/videos\/2370884583160339\/\">ZDE<\/a><br>Sv\u00e9 vystoupen\u00ed shrnula i Tereza Petr\u017e\u00edlkov\u00e1 v rozhovoru pro \u010cesk\u00fd rozhlas Plze\u0148, rozhovor si poslechn\u011bte\u00a0<a href=\"https:\/\/plzen.rozhlas.cz\/plzenska-atletka-tereza-petrzilkova-se-vratila-z-evropskych-her-s-ceskym-7975449?fbclid=IwAR2HOL7y9ULlTCrV3oBP8lPph84rdScLtop-psECiGMMi4tW_ZrvTPGF6Qk\">ZDE<\/a><\/p>\n","protected":false},"excerpt":{"rendered":"<p>\u010ctvrt\u00e9 m\u00edsto pro Petr\u017e\u00edlkovou a K\u0159\u00ed\u017ekovou na Evropsk\u00fdch hr\u00e1ch Tereza Petr\u017e\u00edlkov\u00e1 a Anna K\u0159\u00ed\u017ekov\u00e1 dopomohly t\u00fdmu \u010cesk\u00e9 republiky ke \u010dtvrt\u00e9mu m\u00edsti na Evropsk\u00fdch hr\u00e1ch v&hellip;<\/p>\n","protected":false},"author":1,"featured_media":0,"comment_status":"open","ping_status":"open","sticky":false,"template":"","format":"standard","meta":{"footnotes":""},"categories":[1],"tags":[],"jetpack_sharing_enabled":true,"jetpack_featured_media_url":"","_links":{"self":[{"href":"http:\/\/pkas.cz\/index.php?rest_route=\/wp\/v2\/posts\/6"}],"collection":[{"href":"http:\/\/pkas.cz\/index.php?rest_route=\/wp\/v2\/posts"}],"about":[{"href":"http:\/\/pkas.cz\/index.php?rest_route=\/wp\/v2\/types\/post"}],"author":[{"embeddable":true,"href":"http:\/\/pkas.cz\/index.php?rest_route=\/wp\/v2\/users\/1"}],"replies":[{"embeddable":true,"href":"http:\/\/pkas.cz\/index.php?rest_route=%2Fwp%2Fv2%2Fcomments&post=6"}],"version-history":[{"count":2,"href":"http:\/\/pkas.cz\/index.php?rest_route=\/wp\/v2\/posts\/6\/revisions"}],"predecessor-version":[{"id":300,"href":"http:\/\/pkas.cz\/index.php?rest_route=\/wp\/v2\/posts\/6\/revisions\/300"}],"wp:attachment":[{"href":"http:\/\/pkas.cz\/index.php?rest_route=%2Fwp%2Fv2%2Fmedia&parent=6"}],"wp:term":[{"taxonomy":"category","embeddable":true,"href":"http:\/\/pkas.cz\/index.php?rest_route=%2Fwp%2Fv2%2Fcategories&post=6"},{"taxonomy":"post_tag","embeddable":true,"href":"http:\/\/pkas.cz\/index.php?rest_route=%2Fwp%2Fv2%2Ftags&post=6"}],"curies":[{"name":"wp","href":"https:\/\/api.w.org\/{rel}","templated":true}]}}