{"id":591,"date":"2019-11-22T21:55:33","date_gmt":"2019-11-22T20:55:33","guid":{"rendered":"http:\/\/pkas.cz\/?p=591"},"modified":"2019-11-22T21:55:35","modified_gmt":"2019-11-22T20:55:35","slug":"finale-bezeckeho-poharu-mladeze-dritec","status":"publish","type":"post","link":"http:\/\/pkas.cz\/?p=591","title":{"rendered":"Fin\u00e1le b\u011b\u017eeck\u00e9ho poh\u00e1ru ml\u00e1de\u017ee &#8211; D\u0159\u00edte\u010d"},"content":{"rendered":"\n<p>Krajsk\u00fd v\u00fdb\u011br mlad\u0161\u00edho, star\u0161\u00edho \u017eactva a dorostu m\u00e1 ji\u017e za sebou t\u00fdmovou poradu, v\u010detn\u011b spole\u010dn\u00e9 ve\u010de\u0159e. Z\u00edtra v 11 hodin se jako prvn\u00ed na startu p\u0159edstav\u00ed sm\u00ed\u0161en\u00e1 \u0161tafeta  mlad\u0161\u00edho \u017eactva. Fanou\u0161ci mohou povzbuzovat z\u00e1vodn\u00edky na okruhu v d\u00e9lce jednoho kilometru. Po slavnostn\u00edm vyhl\u00e1\u0161en\u00ed B\u011b\u017eeck\u00e9ho poh\u00e1ru odstartuje program Mistrovstv\u00ed \u010cesk\u00e9 republiky mu\u017e\u016f, \u017een, junior\u016f a juniorek v p\u0159espoln\u00edm b\u011bhu. <\/p>\n\n\n\n<figure class=\"wp-block-image\"><img decoding=\"async\" src=\"http:\/\/pkas.cz\/wp-content\/uploads\/2019\/11\/IMG_20191122_195938_1.jpg\" alt=\"\" class=\"wp-image-589\"\/><figcaption>Spole\u010dn\u00e1 ve\u010de\u0159e p\u0159ed sobotn\u00edm startem \u0161tafet<\/figcaption><\/figure>\n\n\n\n<ul><li><\/li><\/ul>\n","protected":false},"excerpt":{"rendered":"<p>Krajsk\u00fd v\u00fdb\u011br mlad\u0161\u00edho, star\u0161\u00edho \u017eactva a dorostu m\u00e1 ji\u017e za sebou t\u00fdmovou poradu, v\u010detn\u011b spole\u010dn\u00e9 ve\u010de\u0159e. Z\u00edtra v 11 hodin se jako prvn\u00ed na startu&hellip;<\/p>\n","protected":false},"author":3,"featured_media":590,"comment_status":"closed","ping_status":"closed","sticky":false,"template":"","format":"standard","meta":{"footnotes":""},"categories":[1],"tags":[],"jetpack_sharing_enabled":true,"jetpack_featured_media_url":"http:\/\/pkas.cz\/wp-content\/uploads\/2019\/11\/IMG_20191122_211037_1.jpg","_links":{"self":[{"href":"http:\/\/pkas.cz\/index.php?rest_route=\/wp\/v2\/posts\/591"}],"collection":[{"href":"http:\/\/pkas.cz\/index.php?rest_route=\/wp\/v2\/posts"}],"about":[{"href":"http:\/\/pkas.cz\/index.php?rest_route=\/wp\/v2\/types\/post"}],"author":[{"embeddable":true,"href":"http:\/\/pkas.cz\/index.php?rest_route=\/wp\/v2\/users\/3"}],"replies":[{"embeddable":true,"href":"http:\/\/pkas.cz\/index.php?rest_route=%2Fwp%2Fv2%2Fcomments&post=591"}],"version-history":[{"count":2,"href":"http:\/\/pkas.cz\/index.php?rest_route=\/wp\/v2\/posts\/591\/revisions"}],"predecessor-version":[{"id":593,"href":"http:\/\/pkas.cz\/index.php?rest_route=\/wp\/v2\/posts\/591\/revisions\/593"}],"wp:featuredmedia":[{"embeddable":true,"href":"http:\/\/pkas.cz\/index.php?rest_route=\/wp\/v2\/media\/590"}],"wp:attachment":[{"href":"http:\/\/pkas.cz\/index.php?rest_route=%2Fwp%2Fv2%2Fmedia&parent=591"}],"wp:term":[{"taxonomy":"category","embeddable":true,"href":"http:\/\/pkas.cz\/index.php?rest_route=%2Fwp%2Fv2%2Fcategories&post=591"},{"taxonomy":"post_tag","embeddable":true,"href":"http:\/\/pkas.cz\/index.php?rest_route=%2Fwp%2Fv2%2Ftags&post=591"}],"curies":[{"name":"wp","href":"https:\/\/api.w.org\/{rel}","templated":true}]}}