{"id":5765,"date":"2025-10-02T11:53:50","date_gmt":"2025-10-02T09:53:50","guid":{"rendered":"http:\/\/pkas.cz\/?p=5765"},"modified":"2025-10-02T11:55:01","modified_gmt":"2025-10-02T09:55:01","slug":"krajske-finale-stredoskolskeho-atletickeho-poharu-ovladlo-gymnazium-klatovy","status":"publish","type":"post","link":"http:\/\/pkas.cz\/?p=5765","title":{"rendered":"Krajsk\u00e9 fin\u00e1le St\u0159edo\u0161kolsk\u00e9ho atletick\u00e9ho poh\u00e1ru 2025 ovl\u00e1dlo Gymn\u00e1zium Klatovy"},"content":{"rendered":"<div class=\"wp-block-image\">\n<figure class=\"alignleft size-large is-resized\"><img loading=\"lazy\" decoding=\"async\" width=\"1646\" height=\"1467\" src=\"http:\/\/pkas.cz\/wp-content\/uploads\/2025\/10\/IMG_3511-edited.jpg\" alt=\"\" class=\"wp-image-5772\" style=\"width:297px;height:auto\" srcset=\"http:\/\/pkas.cz\/wp-content\/uploads\/2025\/10\/IMG_3511-edited.jpg 1646w, http:\/\/pkas.cz\/wp-content\/uploads\/2025\/10\/IMG_3511-edited-300x267.jpg 300w, http:\/\/pkas.cz\/wp-content\/uploads\/2025\/10\/IMG_3511-edited-1024x913.jpg 1024w, http:\/\/pkas.cz\/wp-content\/uploads\/2025\/10\/IMG_3511-edited-768x684.jpg 768w, http:\/\/pkas.cz\/wp-content\/uploads\/2025\/10\/IMG_3511-edited-1536x1369.jpg 1536w\" sizes=\"(max-width: 1646px) 100vw, 1646px\" \/><\/figure><\/div>\n\n\n<p>V \u00fater\u00fd 30. 9. se konalo Krajsk\u00e9 fin\u00e1le St\u0159edo\u0161kolsk\u00e9ho atletick\u00e9ho poh\u00e1ru. Na n\u011bj se probojovalo po osmi \u0161koln\u00edch dru\u017estvech dorostenc\u016f a dorostenek, kter\u00e1 zv\u00edt\u011bzila nebo skon\u010dila druh\u00e1 na okresn\u00edch kolech konan\u00fdch od 10. do 24. z\u00e1\u0159\u00ed nap\u0159\u00ed\u010d cel\u00fdm Plze\u0148sk\u00fdm krajem.<\/p>\n\n\n\n<p>Na doma\u017elick\u00e9m stadionu ovl\u00e1dly jak sout\u011b\u017e dorostenek, tak sout\u011b\u017e dorostenc\u016f t\u00fdmy z <strong>Gymn\u00e1zia Klatovy<\/strong>, kdy\u017e dorostenci posb\u00edrali celkem 8 494 bod\u016f a dorostenky dokonce 8 869 bod\u016f. V obou kategori\u00edch budou tak Plze\u0148sk\u00fd kraj na republikov\u00e9m fin\u00e1le 43. ro\u010dn\u00edku St\u0159edo\u0161kolsk\u00e9ho atletick\u00e9ho poh\u00e1ru reprezentovat dru\u017estva Gymn\u00e1zia Klatovy. Vyvrcholen\u00ed SAP je napl\u00e1nov\u00e1no na \u010dtvrtek 9. 10. 2025 v B\u0159eclavi.<\/p>\n\n\n\n<div class=\"wp-block-columns is-layout-flex wp-container-core-columns-layout-1 wp-block-columns-is-layout-flex\">\n<div class=\"wp-block-column is-layout-flow wp-block-column-is-layout-flow\"><div class=\"wp-block-image\">\n<figure class=\"aligncenter size-large is-resized\"><img loading=\"lazy\" decoding=\"async\" width=\"1024\" height=\"768\" src=\"http:\/\/pkas.cz\/wp-content\/uploads\/2025\/10\/IMG_3541-1024x768.jpg\" alt=\"\" class=\"wp-image-5773\" style=\"width:403px;height:auto\" srcset=\"http:\/\/pkas.cz\/wp-content\/uploads\/2025\/10\/IMG_3541-1024x768.jpg 1024w, http:\/\/pkas.cz\/wp-content\/uploads\/2025\/10\/IMG_3541-300x225.jpg 300w, http:\/\/pkas.cz\/wp-content\/uploads\/2025\/10\/IMG_3541-768x576.jpg 768w, http:\/\/pkas.cz\/wp-content\/uploads\/2025\/10\/IMG_3541-1536x1152.jpg 1536w, http:\/\/pkas.cz\/wp-content\/uploads\/2025\/10\/IMG_3541-2048x1536.jpg 2048w\" sizes=\"(max-width: 1024px) 100vw, 1024px\" \/><figcaption class=\"wp-element-caption\"><em>stupn\u011b v\u00edt\u011bz\u016f kategorie dorostenc\u016f<\/em><\/figcaption><\/figure><\/div><\/div>\n\n\n\n<div class=\"wp-block-column is-layout-flow wp-block-column-is-layout-flow\"><div class=\"wp-block-image\">\n<figure class=\"aligncenter size-large is-resized\"><img loading=\"lazy\" decoding=\"async\" width=\"1024\" height=\"768\" src=\"http:\/\/pkas.cz\/wp-content\/uploads\/2025\/10\/IMG_3538-1024x768.jpg\" alt=\"\" class=\"wp-image-5774\" style=\"width:401px;height:auto\" srcset=\"http:\/\/pkas.cz\/wp-content\/uploads\/2025\/10\/IMG_3538-1024x768.jpg 1024w, http:\/\/pkas.cz\/wp-content\/uploads\/2025\/10\/IMG_3538-300x225.jpg 300w, http:\/\/pkas.cz\/wp-content\/uploads\/2025\/10\/IMG_3538-768x576.jpg 768w, http:\/\/pkas.cz\/wp-content\/uploads\/2025\/10\/IMG_3538-1536x1152.jpg 1536w, http:\/\/pkas.cz\/wp-content\/uploads\/2025\/10\/IMG_3538-2048x1536.jpg 2048w\" sizes=\"(max-width: 1024px) 100vw, 1024px\" \/><figcaption class=\"wp-element-caption\"><em>stupn\u011b v\u00edt\u011bz\u016f kategorie dorostenek<\/em><\/figcaption><\/figure><\/div><\/div>\n<\/div>\n\n\n\n<p>Na druh\u00e9m m\u00edst\u011b v kategorii dorostenek skon\u010dilo dru\u017estvo <strong>SP\u0160 strojnick\u00e1 a SO\u0160 profesora \u0160vejcara Plze\u0148<\/strong> s celkov\u00fdmi 8 414 body a bronzov\u00e9 medaile vybojovalo dru\u017estvo <strong>Gymn\u00e1zium Plze\u0148, Mikul\u00e1\u0161sk\u00e9 n\u00e1m\u011bst\u00ed <\/strong>(8 044 bod\u016f). V kategorii dorostenc\u016f naopak st\u0159\u00edbrn\u00ed skon\u010dili z <strong>Gymn\u00e1zium Plze\u0148, Mikul\u00e1\u0161sk\u00e9 n\u00e1m\u011bst\u00ed <\/strong>(8 128 bod\u016f) a na t\u0159et\u00edm m\u00edst\u011b pak dorostenci z <strong>SP\u0160 strojnick\u00e1 a SO\u0160 profesora \u0160vejcara Plze\u0148<\/strong> (7 982 bod\u016f).<\/p>\n\n\n\n<p>Na kompletn\u00ed v\u00fdsledky se m\u016f\u017eete pod\u00edvat na <a href=\"https:\/\/online.atletika.cz\/vysledky\/83706\/0\/2\" target=\"_blank\" rel=\"noreferrer noopener\">tomto odkazu<\/a>, na ofici\u00e1ln\u00ed str\u00e1nky St\u0159edo\u0161kolsk\u00e9ho atletick\u00e9ho poh\u00e1ru se m\u016f\u017eete pod\u00edvat na <a href=\"https:\/\/www.stredoskolskypohar.cz\/\" target=\"_blank\" rel=\"noreferrer noopener\">tomto odkazu<\/a>.<\/p>\n\n\n<div class=\"wp-block-image\">\n<figure class=\"aligncenter size-large is-resized\"><img loading=\"lazy\" decoding=\"async\" width=\"1024\" height=\"945\" src=\"http:\/\/pkas.cz\/wp-content\/uploads\/2025\/10\/IMG_3518-1024x945.jpg\" alt=\"\" class=\"wp-image-5777\" style=\"width:318px;height:auto\" srcset=\"http:\/\/pkas.cz\/wp-content\/uploads\/2025\/10\/IMG_3518-1024x945.jpg 1024w, http:\/\/pkas.cz\/wp-content\/uploads\/2025\/10\/IMG_3518-300x277.jpg 300w, http:\/\/pkas.cz\/wp-content\/uploads\/2025\/10\/IMG_3518-768x709.jpg 768w, http:\/\/pkas.cz\/wp-content\/uploads\/2025\/10\/IMG_3518-1536x1418.jpg 1536w, http:\/\/pkas.cz\/wp-content\/uploads\/2025\/10\/IMG_3518-2048x1891.jpg 2048w\" sizes=\"(max-width: 1024px) 100vw, 1024px\" \/><\/figure><\/div>","protected":false},"excerpt":{"rendered":"<p>V \u00fater\u00fd 30. 9. se konalo Krajsk\u00e9 fin\u00e1le St\u0159edo\u0161kolsk\u00e9ho atletick\u00e9ho poh\u00e1ru. Na n\u011bj se probojovalo po osmi \u0161koln\u00edch dru\u017estvech dorostenc\u016f a dorostenek, kter\u00e1 zv\u00edt\u011bzila nebo&hellip;<\/p>\n","protected":false},"author":4,"featured_media":5773,"comment_status":"closed","ping_status":"closed","sticky":false,"template":"","format":"standard","meta":{"footnotes":""},"categories":[1],"tags":[],"jetpack_sharing_enabled":true,"jetpack_featured_media_url":"http:\/\/pkas.cz\/wp-content\/uploads\/2025\/10\/IMG_3541-scaled.jpg","_links":{"self":[{"href":"http:\/\/pkas.cz\/index.php?rest_route=\/wp\/v2\/posts\/5765"}],"collection":[{"href":"http:\/\/pkas.cz\/index.php?rest_route=\/wp\/v2\/posts"}],"about":[{"href":"http:\/\/pkas.cz\/index.php?rest_route=\/wp\/v2\/types\/post"}],"author":[{"embeddable":true,"href":"http:\/\/pkas.cz\/index.php?rest_route=\/wp\/v2\/users\/4"}],"replies":[{"embeddable":true,"href":"http:\/\/pkas.cz\/index.php?rest_route=%2Fwp%2Fv2%2Fcomments&post=5765"}],"version-history":[{"count":7,"href":"http:\/\/pkas.cz\/index.php?rest_route=\/wp\/v2\/posts\/5765\/revisions"}],"predecessor-version":[{"id":5780,"href":"http:\/\/pkas.cz\/index.php?rest_route=\/wp\/v2\/posts\/5765\/revisions\/5780"}],"wp:featuredmedia":[{"embeddable":true,"href":"http:\/\/pkas.cz\/index.php?rest_route=\/wp\/v2\/media\/5773"}],"wp:attachment":[{"href":"http:\/\/pkas.cz\/index.php?rest_route=%2Fwp%2Fv2%2Fmedia&parent=5765"}],"wp:term":[{"taxonomy":"category","embeddable":true,"href":"http:\/\/pkas.cz\/index.php?rest_route=%2Fwp%2Fv2%2Fcategories&post=5765"},{"taxonomy":"post_tag","embeddable":true,"href":"http:\/\/pkas.cz\/index.php?rest_route=%2Fwp%2Fv2%2Ftags&post=5765"}],"curies":[{"name":"wp","href":"https:\/\/api.w.org\/{rel}","templated":true}]}}