{"id":573,"date":"2019-11-12T13:21:58","date_gmt":"2019-11-12T12:21:58","guid":{"rendered":"http:\/\/pkas.cz\/?p=573"},"modified":"2019-11-12T13:23:43","modified_gmt":"2019-11-12T12:23:43","slug":"v-plzni-se-vyskolilo-24-treneru-3-tridy","status":"publish","type":"post","link":"http:\/\/pkas.cz\/?p=573","title":{"rendered":"V Plzni se vy\u0161kolilo 24 tren\u00e9r\u016f 3. t\u0159\u00eddy"},"content":{"rendered":"\n<p>V\u00a0ned\u011bli 10. 11. \u00fasp\u011b\u0161n\u011b absolvovali v\u0161ichni uchaze\u010di \u0161kolen\u00ed tren\u00e9r\u016f 3. t\u0159\u00eddy. Hned 24 nov\u00fdch tren\u00e9r\u016f z\u00a0dvan\u00e1cti atletick\u00fdch odd\u00edl\u016f dok\u00e1zalo obst\u00e1t v\u00a0z\u00e1v\u011bre\u010dn\u00fdch testech a praktick\u00fdch zkou\u0161k\u00e1ch. Do po\u010detn\u00e9ho t\u00fdmu lektor\u016f se zapojila i \u00fa\u010dastnice MS v\u00a0Doha Tereza Petr\u017e\u00edlkov\u00e1. Spole\u010dn\u011b se sv\u00fdm tren\u00e9rem Janem Hanzlem se pod\u011blila o sv\u00e9 zku\u0161enosti a tr\u00e9ninkov\u00e9 metody. Zku\u0161en\u00ed tren\u00e9\u0159i\/lekto\u0159i si p\u0159\u00edli\u0161 neodpo\u010dnou. 30. 11. budou v\u00a0Plzni p\u0159ed\u00e1vat sv\u00e9 cenn\u00e9 rady dal\u0161\u00edm z\u00e1jemc\u016fm o tren\u00e9rskou licenci, tentokr\u00e1te na \u0161kolen\u00ed Tren\u00e9r \u017eactva.\u00a0 Plze\u0148sk\u00fd krajsk\u00fd atletick\u00fd svaz d\u011bkuje v\u0161em zapojen\u00fdm lektor\u016fm za z\u00e1jem a spolupr\u00e1ci b\u011bhem po\u0159\u00e1d\u00e1n\u00ed \u0161kolen\u00ed. <\/p>\n\n\n\n<figure class=\"wp-block-image\"><img loading=\"lazy\" decoding=\"async\" width=\"1024\" height=\"766\" src=\"http:\/\/pkas.cz\/wp-content\/uploads\/2019\/11\/IMG_20191108_150840-1024x766.jpg\" alt=\"\" class=\"wp-image-567\" srcset=\"http:\/\/pkas.cz\/wp-content\/uploads\/2019\/11\/IMG_20191108_150840-1024x766.jpg 1024w, http:\/\/pkas.cz\/wp-content\/uploads\/2019\/11\/IMG_20191108_150840-300x224.jpg 300w, http:\/\/pkas.cz\/wp-content\/uploads\/2019\/11\/IMG_20191108_150840-768x574.jpg 768w\" sizes=\"(max-width: 1024px) 100vw, 1024px\" \/><figcaption>V\u00fdstup Mgr. Petry \u0160pottov\u00e9, Ph.D., t\u00e9ma: kompenza\u010dn\u00ed cvi\u010den\u00ed<\/figcaption><\/figure>\n","protected":false},"excerpt":{"rendered":"<p>V\u00a0ned\u011bli 10. 11. \u00fasp\u011b\u0161n\u011b absolvovali v\u0161ichni uchaze\u010di \u0161kolen\u00ed tren\u00e9r\u016f 3. t\u0159\u00eddy. Hned 24 nov\u00fdch tren\u00e9r\u016f z\u00a0dvan\u00e1cti atletick\u00fdch odd\u00edl\u016f dok\u00e1zalo obst\u00e1t v\u00a0z\u00e1v\u011bre\u010dn\u00fdch testech a praktick\u00fdch zkou\u0161k\u00e1ch.&hellip;<\/p>\n","protected":false},"author":3,"featured_media":571,"comment_status":"closed","ping_status":"closed","sticky":false,"template":"","format":"standard","meta":{"footnotes":""},"categories":[1],"tags":[],"jetpack_sharing_enabled":true,"jetpack_featured_media_url":"http:\/\/pkas.cz\/wp-content\/uploads\/2019\/11\/IMG_20191110_143528.jpg","_links":{"self":[{"href":"http:\/\/pkas.cz\/index.php?rest_route=\/wp\/v2\/posts\/573"}],"collection":[{"href":"http:\/\/pkas.cz\/index.php?rest_route=\/wp\/v2\/posts"}],"about":[{"href":"http:\/\/pkas.cz\/index.php?rest_route=\/wp\/v2\/types\/post"}],"author":[{"embeddable":true,"href":"http:\/\/pkas.cz\/index.php?rest_route=\/wp\/v2\/users\/3"}],"replies":[{"embeddable":true,"href":"http:\/\/pkas.cz\/index.php?rest_route=%2Fwp%2Fv2%2Fcomments&post=573"}],"version-history":[{"count":3,"href":"http:\/\/pkas.cz\/index.php?rest_route=\/wp\/v2\/posts\/573\/revisions"}],"predecessor-version":[{"id":576,"href":"http:\/\/pkas.cz\/index.php?rest_route=\/wp\/v2\/posts\/573\/revisions\/576"}],"wp:featuredmedia":[{"embeddable":true,"href":"http:\/\/pkas.cz\/index.php?rest_route=\/wp\/v2\/media\/571"}],"wp:attachment":[{"href":"http:\/\/pkas.cz\/index.php?rest_route=%2Fwp%2Fv2%2Fmedia&parent=573"}],"wp:term":[{"taxonomy":"category","embeddable":true,"href":"http:\/\/pkas.cz\/index.php?rest_route=%2Fwp%2Fv2%2Fcategories&post=573"},{"taxonomy":"post_tag","embeddable":true,"href":"http:\/\/pkas.cz\/index.php?rest_route=%2Fwp%2Fv2%2Ftags&post=573"}],"curies":[{"name":"wp","href":"https:\/\/api.w.org\/{rel}","templated":true}]}}