{"id":5575,"date":"2025-07-23T10:39:30","date_gmt":"2025-07-23T08:39:30","guid":{"rendered":"http:\/\/pkas.cz\/?p=5575"},"modified":"2025-07-23T10:45:56","modified_gmt":"2025-07-23T08:45:56","slug":"stribrsky-vladimir-sykora-odesel-do-bezeckeho-nebe","status":"publish","type":"post","link":"http:\/\/pkas.cz\/?p=5575","title":{"rendered":"St\u0159\u00edbrsk\u00fd Vladim\u00edr S\u00fdkora ode\u0161el do b\u011b\u017eeck\u00e9ho nebe"},"content":{"rendered":"<div class=\"wp-block-image\">\n<figure class=\"alignright size-large is-resized\"><img loading=\"lazy\" decoding=\"async\" width=\"683\" height=\"1024\" src=\"http:\/\/pkas.cz\/wp-content\/uploads\/2025\/07\/sykora-a-pes-c-683x1024.jpg\" alt=\"\" class=\"wp-image-5576\" style=\"width:228px;height:auto\" srcset=\"http:\/\/pkas.cz\/wp-content\/uploads\/2025\/07\/sykora-a-pes-c-683x1024.jpg 683w, http:\/\/pkas.cz\/wp-content\/uploads\/2025\/07\/sykora-a-pes-c-200x300.jpg 200w, http:\/\/pkas.cz\/wp-content\/uploads\/2025\/07\/sykora-a-pes-c-768x1152.jpg 768w, http:\/\/pkas.cz\/wp-content\/uploads\/2025\/07\/sykora-a-pes-c.jpg 800w\" sizes=\"(max-width: 683px) 100vw, 683px\" \/><figcaption class=\"wp-element-caption\"><em>Vladim\u00edr S\u00fdkora se sv\u00fdm \u010dty\u0159noh\u00fdm par\u0165\u00e1kem Kuli\u010dkou<\/em><\/figcaption><\/figure><\/div>\n\n\n<p>S velkou pokorou mus\u00edme ozn\u00e1mit, \u017ee na\u0161i atletickou komunitu ve \u010dtvrtek 17. \u010dervence nav\u017edy opustil Vladim\u00edr S\u00fdkora. Byl jedn\u00edm z nejlep\u0161\u00edch vytrvalc\u016f v z\u00e1padn\u00edch \u010cech\u00e1ch a dodnes dr\u017e\u00ed krajsk\u00e9 rekordy na dr\u00e1hov\u00fdch 5 000 m (13:54,66 min) a 10 000 m (29:00,65).<\/p>\n\n\n\n<p>Nejv\u011bt\u0161\u00edch \u00fasp\u011bch\u016f dos\u00e1hl v roce 1981, kdy startoval na Letn\u00ed sv\u011btov\u00e9 univerzi\u00e1d\u011b v rumunsk\u00e9 Bukure\u0161ti a na desetikilometrov\u00e9 trati dob\u011bhl na 12. m\u00edst\u011b (30:43,42 min). Ve stejn\u00e9m roce usp\u011bl tak\u00e9 na \u010ceskoslovensk\u00e9 univerzi\u00e1d\u011b v Bratislav\u011b, kde v z jeho pohledu suver\u00e9nn\u00edm z\u00e1vod\u011b na 5 000 m zv\u00edt\u011bzil v \u010dase 13:54,66 min. Pot\u00e9 vym\u011bnil dr\u00e1hu za p\u0159espoln\u00ed z\u00e1vody, kter\u00fdch se pravideln\u011b \u00fa\u010dastnil a\u017e doposud.<\/p>\n\n\n\n<p>Z\u00e1rove\u0148 tak\u00e9 dlouh\u00e1 l\u00e9ta pom\u00e1hal organizovat pr\u00e1v\u011b p\u0159espoln\u00ed b\u011bhy a vedl statistiky a zpracov\u00e1val v\u00fdsledky oblastn\u00edch b\u011b\u017eeck\u00fdch sout\u011b\u017e\u00ed. Nap\u0159\u00edklad ty B\u011b\u017ece Tachovska ji\u017e od roku 1998. Pokud Vladim\u00edr S\u00fdkora z\u00e1vod neb\u011b\u017eel, mohli jsme ho vid\u011bt v barv\u00e1ch rozhod\u010d\u00edch.<\/p>\n\n\n\n<p>Vzpom\u00ednat budeme na pana Vladim\u00edra S\u00fdkoru jako na legend\u00e1rn\u00edho vytrvalce a skromn\u00e9ho a ob\u011btav\u00e9ho \u010dlov\u011bka, kter\u00fd miloval b\u011bh a atletiku.<\/p>\n\n\n\n<p>Plze\u0148sk\u00fd krajsk\u00fd atletick\u00fd svaz vyjad\u0159uje up\u0159\u00edmnou soustrast poz\u016fstal\u00fdm.<\/p>\n\n\n<div class=\"wp-block-image\">\n<figure class=\"aligncenter size-full is-resized\"><img loading=\"lazy\" decoding=\"async\" width=\"900\" height=\"923\" src=\"http:\/\/pkas.cz\/wp-content\/uploads\/2025\/07\/sykora-draha-c-1.jpg\" alt=\"\" class=\"wp-image-5580\" style=\"width:307px;height:auto\" srcset=\"http:\/\/pkas.cz\/wp-content\/uploads\/2025\/07\/sykora-draha-c-1.jpg 900w, http:\/\/pkas.cz\/wp-content\/uploads\/2025\/07\/sykora-draha-c-1-293x300.jpg 293w, http:\/\/pkas.cz\/wp-content\/uploads\/2025\/07\/sykora-draha-c-1-768x788.jpg 768w\" sizes=\"(max-width: 900px) 100vw, 900px\" \/><\/figure><\/div>\n\n\n<p>Foto: <a href=\"https:\/\/domazlicky.denik.cz\/ostatni_region\/vladimir-sykora-si-behal-osobaky-na-vepro-knedlo-zelo-20200331.html\" target=\"_blank\" rel=\"noreferrer noopener\">Doma\u017elick\u00fd den\u00edk<\/a><\/p>\n","protected":false},"excerpt":{"rendered":"<p>S velkou pokorou mus\u00edme ozn\u00e1mit, \u017ee na\u0161i atletickou komunitu ve \u010dtvrtek 17. \u010dervence nav\u017edy opustil Vladim\u00edr S\u00fdkora. Byl jedn\u00edm z nejlep\u0161\u00edch vytrvalc\u016f v z\u00e1padn\u00edch \u010cech\u00e1ch&hellip;<\/p>\n","protected":false},"author":4,"featured_media":5579,"comment_status":"closed","ping_status":"closed","sticky":false,"template":"","format":"standard","meta":{"footnotes":""},"categories":[3],"tags":[],"jetpack_sharing_enabled":true,"jetpack_featured_media_url":"http:\/\/pkas.cz\/wp-content\/uploads\/2025\/07\/sykora-a-kulicka-c.jpg","_links":{"self":[{"href":"http:\/\/pkas.cz\/index.php?rest_route=\/wp\/v2\/posts\/5575"}],"collection":[{"href":"http:\/\/pkas.cz\/index.php?rest_route=\/wp\/v2\/posts"}],"about":[{"href":"http:\/\/pkas.cz\/index.php?rest_route=\/wp\/v2\/types\/post"}],"author":[{"embeddable":true,"href":"http:\/\/pkas.cz\/index.php?rest_route=\/wp\/v2\/users\/4"}],"replies":[{"embeddable":true,"href":"http:\/\/pkas.cz\/index.php?rest_route=%2Fwp%2Fv2%2Fcomments&post=5575"}],"version-history":[{"count":5,"href":"http:\/\/pkas.cz\/index.php?rest_route=\/wp\/v2\/posts\/5575\/revisions"}],"predecessor-version":[{"id":5587,"href":"http:\/\/pkas.cz\/index.php?rest_route=\/wp\/v2\/posts\/5575\/revisions\/5587"}],"wp:featuredmedia":[{"embeddable":true,"href":"http:\/\/pkas.cz\/index.php?rest_route=\/wp\/v2\/media\/5579"}],"wp:attachment":[{"href":"http:\/\/pkas.cz\/index.php?rest_route=%2Fwp%2Fv2%2Fmedia&parent=5575"}],"wp:term":[{"taxonomy":"category","embeddable":true,"href":"http:\/\/pkas.cz\/index.php?rest_route=%2Fwp%2Fv2%2Fcategories&post=5575"},{"taxonomy":"post_tag","embeddable":true,"href":"http:\/\/pkas.cz\/index.php?rest_route=%2Fwp%2Fv2%2Ftags&post=5575"}],"curies":[{"name":"wp","href":"https:\/\/api.w.org\/{rel}","templated":true}]}}