{"id":5412,"date":"2025-06-06T12:18:00","date_gmt":"2025-06-06T10:18:00","guid":{"rendered":"http:\/\/pkas.cz\/?p=5412"},"modified":"2025-06-06T13:23:30","modified_gmt":"2025-06-06T11:23:30","slug":"2-rocnik-cesko-nemeckeho-atletickeho-klani-novy-casovy-rozpis","status":"publish","type":"post","link":"http:\/\/pkas.cz\/?p=5412","title":{"rendered":"2. ro\u010dn\u00edk \u010cesko-n\u011bmeck\u00e9ho atletick\u00e9ho kl\u00e1n\u00ed &#8211; nov\u00fd \u010dasov\u00fd rozpis"},"content":{"rendered":"<div class=\"wp-block-image\">\n<figure class=\"aligncenter size-full is-resized\"><img loading=\"lazy\" decoding=\"async\" width=\"525\" height=\"344\" src=\"http:\/\/pkas.cz\/wp-content\/uploads\/2024\/02\/PKAS-logo-right-vetsi.png\" alt=\"\" class=\"wp-image-4287\" style=\"width:258px;height:auto\" srcset=\"http:\/\/pkas.cz\/wp-content\/uploads\/2024\/02\/PKAS-logo-right-vetsi.png 525w, http:\/\/pkas.cz\/wp-content\/uploads\/2024\/02\/PKAS-logo-right-vetsi-300x197.png 300w\" sizes=\"(max-width: 525px) 100vw, 525px\" \/><figcaption class=\"wp-element-caption\">   <\/figcaption><\/figure><\/div>\n\n\n<p>Na z\u00e1klad\u011b p\u0159ihl\u00e1\u0161ek do\u0161lo k \u00faprav\u011b \u010dasov\u00e9ho rozpisu na 2. ro\u010dn\u00edk \u010cesko-n\u011bmeck\u00e9ho atletick\u00e9ho kl\u00e1n\u00ed, kter\u00e9 prob\u011bhne v sobotu 7. 6. v N\u00fd\u0159anech.<\/p>\n\n\n\n<p><a href=\"http:\/\/pkas.cz\/wp-content\/uploads\/2025\/06\/uprava_casaku_nyrany-7.6.pdf\" target=\"_blank\" rel=\"noreferrer noopener\">Nov\u00fd \u010cASOV\u00dd ROZPIS<\/a><br><a href=\"http:\/\/pkas.cz\/wp-content\/uploads\/2025\/06\/pocty_nyrany-7.6.pdf\" target=\"_blank\" rel=\"noreferrer noopener\">PO\u010cTY z\u00e1vodn\u00edk\u016f<\/a><\/p>\n","protected":false},"excerpt":{"rendered":"<p>Na z\u00e1klad\u011b p\u0159ihl\u00e1\u0161ek do\u0161lo k \u00faprav\u011b \u010dasov\u00e9ho rozpisu na 2. ro\u010dn\u00edk \u010cesko-n\u011bmeck\u00e9ho atletick\u00e9ho kl\u00e1n\u00ed, kter\u00e9 prob\u011bhne v sobotu 7. 6. v N\u00fd\u0159anech. Nov\u00fd \u010cASOV\u00dd ROZPISPO\u010cTY&hellip;<\/p>\n","protected":false},"author":4,"featured_media":4287,"comment_status":"closed","ping_status":"closed","sticky":false,"template":"","format":"standard","meta":{"footnotes":""},"categories":[27],"tags":[],"jetpack_sharing_enabled":true,"jetpack_featured_media_url":"http:\/\/pkas.cz\/wp-content\/uploads\/2024\/02\/PKAS-logo-right-vetsi.png","_links":{"self":[{"href":"http:\/\/pkas.cz\/index.php?rest_route=\/wp\/v2\/posts\/5412"}],"collection":[{"href":"http:\/\/pkas.cz\/index.php?rest_route=\/wp\/v2\/posts"}],"about":[{"href":"http:\/\/pkas.cz\/index.php?rest_route=\/wp\/v2\/types\/post"}],"author":[{"embeddable":true,"href":"http:\/\/pkas.cz\/index.php?rest_route=\/wp\/v2\/users\/4"}],"replies":[{"embeddable":true,"href":"http:\/\/pkas.cz\/index.php?rest_route=%2Fwp%2Fv2%2Fcomments&post=5412"}],"version-history":[{"count":1,"href":"http:\/\/pkas.cz\/index.php?rest_route=\/wp\/v2\/posts\/5412\/revisions"}],"predecessor-version":[{"id":5415,"href":"http:\/\/pkas.cz\/index.php?rest_route=\/wp\/v2\/posts\/5412\/revisions\/5415"}],"wp:featuredmedia":[{"embeddable":true,"href":"http:\/\/pkas.cz\/index.php?rest_route=\/wp\/v2\/media\/4287"}],"wp:attachment":[{"href":"http:\/\/pkas.cz\/index.php?rest_route=%2Fwp%2Fv2%2Fmedia&parent=5412"}],"wp:term":[{"taxonomy":"category","embeddable":true,"href":"http:\/\/pkas.cz\/index.php?rest_route=%2Fwp%2Fv2%2Fcategories&post=5412"},{"taxonomy":"post_tag","embeddable":true,"href":"http:\/\/pkas.cz\/index.php?rest_route=%2Fwp%2Fv2%2Ftags&post=5412"}],"curies":[{"name":"wp","href":"https:\/\/api.w.org\/{rel}","templated":true}]}}