{"id":5409,"date":"2025-06-03T13:48:00","date_gmt":"2025-06-03T11:48:00","guid":{"rendered":"http:\/\/pkas.cz\/?p=5409"},"modified":"2025-06-06T13:24:02","modified_gmt":"2025-06-06T11:24:02","slug":"mistrovstvi-pk-a-kk-v-dlouhych-prekazkovych-bezich-a-hodu-kladivem-novy-casovy-rozpis","status":"publish","type":"post","link":"http:\/\/pkas.cz\/?p=5409","title":{"rendered":"Mistrovstv\u00ed PK a KK v dlouh\u00fdch p\u0159ek\u00e1\u017ekov\u00fdch b\u011bz\u00edch a hodu kladivem &#8211; nov\u00fd \u010dasov\u00fd rozpis"},"content":{"rendered":"<div class=\"wp-block-image\">\n<figure class=\"aligncenter size-full is-resized\"><img loading=\"lazy\" decoding=\"async\" width=\"525\" height=\"344\" src=\"http:\/\/pkas.cz\/wp-content\/uploads\/2024\/02\/PKAS-logo-right-vetsi.png\" alt=\"\" class=\"wp-image-4287\" style=\"width:272px;height:auto\" srcset=\"http:\/\/pkas.cz\/wp-content\/uploads\/2024\/02\/PKAS-logo-right-vetsi.png 525w, http:\/\/pkas.cz\/wp-content\/uploads\/2024\/02\/PKAS-logo-right-vetsi-300x197.png 300w\" sizes=\"(max-width: 525px) 100vw, 525px\" \/><figcaption class=\"wp-element-caption\">   <\/figcaption><\/figure><\/div>\n\n\n<p>Na z\u00e1klad\u011b p\u0159ihl\u00e1\u0161ek do\u0161lo k \u00faprav\u011b \u010dasov\u00e9ho rozpisu discipl\u00edn na Mistrovstv\u00ed Plze\u0148sk\u00e9ho a Karlovarsk\u00e9ho kraje v dlouh\u00fdch p\u0159ek\u00e1\u017ekov\u00fdch b\u011bz\u00edch a hodu kladivem \u017eactvo-dosp\u011bl\u00ed OPEN, kter\u00e9 se kon\u00e1 ve st\u0159edu 4. 6. 2025 v Plzni. <\/p>\n\n\n\n<p><a href=\"https:\/\/online.atletika.cz\/Propozice\/propozice\/81476\" target=\"_blank\" rel=\"noreferrer noopener\">Upraven\u00fd \u010dasov\u00fd rozpis<\/a><br><a href=\"https:\/\/online.atletika.cz\/Propozice\/propozice\/81476\" target=\"_blank\" rel=\"noreferrer noopener\">Informace o z\u00e1vod\u011b &#8211; \u010cAS<\/a><\/p>\n","protected":false},"excerpt":{"rendered":"<p>Na z\u00e1klad\u011b p\u0159ihl\u00e1\u0161ek do\u0161lo k \u00faprav\u011b \u010dasov\u00e9ho rozpisu discipl\u00edn na Mistrovstv\u00ed Plze\u0148sk\u00e9ho a Karlovarsk\u00e9ho kraje v dlouh\u00fdch p\u0159ek\u00e1\u017ekov\u00fdch b\u011bz\u00edch a hodu kladivem \u017eactvo-dosp\u011bl\u00ed OPEN, kter\u00e9&hellip;<\/p>\n","protected":false},"author":4,"featured_media":4287,"comment_status":"closed","ping_status":"closed","sticky":false,"template":"","format":"standard","meta":{"footnotes":""},"categories":[27],"tags":[],"jetpack_sharing_enabled":true,"jetpack_featured_media_url":"http:\/\/pkas.cz\/wp-content\/uploads\/2024\/02\/PKAS-logo-right-vetsi.png","_links":{"self":[{"href":"http:\/\/pkas.cz\/index.php?rest_route=\/wp\/v2\/posts\/5409"}],"collection":[{"href":"http:\/\/pkas.cz\/index.php?rest_route=\/wp\/v2\/posts"}],"about":[{"href":"http:\/\/pkas.cz\/index.php?rest_route=\/wp\/v2\/types\/post"}],"author":[{"embeddable":true,"href":"http:\/\/pkas.cz\/index.php?rest_route=\/wp\/v2\/users\/4"}],"replies":[{"embeddable":true,"href":"http:\/\/pkas.cz\/index.php?rest_route=%2Fwp%2Fv2%2Fcomments&post=5409"}],"version-history":[{"count":2,"href":"http:\/\/pkas.cz\/index.php?rest_route=\/wp\/v2\/posts\/5409\/revisions"}],"predecessor-version":[{"id":5411,"href":"http:\/\/pkas.cz\/index.php?rest_route=\/wp\/v2\/posts\/5409\/revisions\/5411"}],"wp:featuredmedia":[{"embeddable":true,"href":"http:\/\/pkas.cz\/index.php?rest_route=\/wp\/v2\/media\/4287"}],"wp:attachment":[{"href":"http:\/\/pkas.cz\/index.php?rest_route=%2Fwp%2Fv2%2Fmedia&parent=5409"}],"wp:term":[{"taxonomy":"category","embeddable":true,"href":"http:\/\/pkas.cz\/index.php?rest_route=%2Fwp%2Fv2%2Fcategories&post=5409"},{"taxonomy":"post_tag","embeddable":true,"href":"http:\/\/pkas.cz\/index.php?rest_route=%2Fwp%2Fv2%2Ftags&post=5409"}],"curies":[{"name":"wp","href":"https:\/\/api.w.org\/{rel}","templated":true}]}}