{"id":5362,"date":"2025-06-01T17:00:00","date_gmt":"2025-06-01T15:00:00","guid":{"rendered":"http:\/\/pkas.cz\/?p=5362"},"modified":"2025-06-02T19:41:05","modified_gmt":"2025-06-02T17:41:05","slug":"starsi-zactvo-ma-za-sebou-zakladni-kola-krajske-souteze-druzstev","status":"publish","type":"post","link":"http:\/\/pkas.cz\/?p=5362","title":{"rendered":"Star\u0161\u00ed \u017eactvo m\u00e1 za sebou dv\u011b z\u00e1kladn\u00ed kola oblastn\u00edho mistrovstv\u00ed dru\u017estev"},"content":{"rendered":"<div class=\"wp-block-image\">\n<figure class=\"aligncenter size-large is-resized\"><img loading=\"lazy\" decoding=\"async\" width=\"1024\" height=\"771\" src=\"http:\/\/pkas.cz\/wp-content\/uploads\/2025\/06\/IMG_2385-1024x771.jpg\" alt=\"\" class=\"wp-image-5395\" style=\"width:300px;height:auto\" srcset=\"http:\/\/pkas.cz\/wp-content\/uploads\/2025\/06\/IMG_2385-1024x771.jpg 1024w, http:\/\/pkas.cz\/wp-content\/uploads\/2025\/06\/IMG_2385-300x226.jpg 300w, http:\/\/pkas.cz\/wp-content\/uploads\/2025\/06\/IMG_2385-768x578.jpg 768w, http:\/\/pkas.cz\/wp-content\/uploads\/2025\/06\/IMG_2385.jpg 1125w\" sizes=\"(max-width: 1024px) 100vw, 1024px\" \/><figcaption class=\"wp-element-caption\"><em>Aktiv Sport Hor\u0161ovsk\u00fd T\u00fdn<\/em><\/figcaption><\/figure><\/div>\n\n\n<p>Sout\u011b\u017e dru\u017estev Plze\u0148sk\u00e9ho a Karlovarsk\u00e9ho kraje star\u0161\u00edch \u017e\u00e1k\u016f a \u017e\u00e1ky\u0148 m\u00e1 za sebou ji\u017e dv\u011b kola, prvn\u00ed se konalo 10. 5. v Chebu a druh\u00e9 31. 5. na zrekonstruovan\u00e9m stadionu v Karlov\u00fdch Varech. Na obou z\u00e1vodech se z\u00e1pado\u010de\u0161t\u00ed z\u00e1vodn\u00edci bl\u00fdskli hned n\u011bkolika skv\u011bl\u00fdmi v\u00fdkony a p\u0159ekon\u00e1n byl tak\u00e9 jeden krajsk\u00fd rekord. T\u0159et\u00ed kolo se bude konat 7. 9. ve St\u0159\u00edb\u0159e.<\/p>\n\n\n<div class=\"wp-block-image\">\n<figure class=\"alignright size-large is-resized\"><img loading=\"lazy\" decoding=\"async\" width=\"1712\" height=\"1141\" src=\"http:\/\/pkas.cz\/wp-content\/uploads\/2025\/06\/hruby-edited.jpg\" alt=\"\" class=\"wp-image-5376\" style=\"width:311px;height:auto\" srcset=\"http:\/\/pkas.cz\/wp-content\/uploads\/2025\/06\/hruby-edited.jpg 1712w, http:\/\/pkas.cz\/wp-content\/uploads\/2025\/06\/hruby-edited-300x200.jpg 300w, http:\/\/pkas.cz\/wp-content\/uploads\/2025\/06\/hruby-edited-1024x682.jpg 1024w, http:\/\/pkas.cz\/wp-content\/uploads\/2025\/06\/hruby-edited-768x512.jpg 768w, http:\/\/pkas.cz\/wp-content\/uploads\/2025\/06\/hruby-edited-1536x1024.jpg 1536w\" sizes=\"(max-width: 1712px) 100vw, 1712px\" \/><figcaption class=\"wp-element-caption\"><em>Mat\u011bj Hrub\u00fd<\/em><\/figcaption><\/figure><\/div>\n\n\n<p>Hned na prvn\u00edm kole se do \u010dela n\u00e1rodn\u00ed tabulky vyhoupl <strong>Mat\u011bj Hrub\u00fd<\/strong> (AK \u0160KODA Plze\u0148), kter\u00fd na distanci 150 m pro\u0165al c\u00edlovou p\u00e1sku v \u010dase 16.79 s a z\u00e1rove\u0148 tak vyrovnal krajsk\u00fd rekord jeho odd\u00edlov\u00e9ho kolegy Josefa Kr\u00e1lovce z lo\u0148sk\u00e9ho roku. Poveden\u00fd start sez\u00f3ny zaznamenala tak\u00e9 <strong>Eli\u0161ka Volfov\u00e1<\/strong> (TJ Sokol SG Plze\u0148-Pet\u0159\u00edn), jej\u00ed\u017e osobn\u00ed rekord 5:20.63 min na trati 1 500 m p\u0159ek\u00e1\u017eek znamen\u00e1 pr\u016fb\u011b\u017en\u00e9 t\u0159et\u00ed m\u00edsto v republikov\u00e9 tabulce. \u00davodn\u00ed kolo v Chebu ovl\u00e1dli \u017e\u00e1ci <strong>AK \u0160KODY Plze\u0148<\/strong> (254,50 b), druz\u00ed skon\u010dili z\u00e1vodn\u00edci <strong>Atletiky Klatovy<\/strong> (119 b) a t\u0159et\u00ed m\u00edsto vybojovalo dru\u017estvo <strong>Aktiv Sport Hor\u0161ovsk\u00fd T\u00fdn<\/strong> (117 b). V sout\u011b\u017ei \u017e\u00e1ky\u0148 rovn\u011b\u017e zv\u00edt\u011bzila <strong>AK \u0160KODA Plze\u0148<\/strong> (289,83 b), druh\u00e1 p\u0159\u00ed\u010dka pat\u0159ila<strong> TJ Ban\u00edku St\u0159\u00edbro <\/strong>(159,33 b) a na t\u0159et\u00edm m\u00edst\u011b skon\u010dily \u017e\u00e1kyn\u011b <strong>TRIATLETU Karlovy Vary<\/strong> (136 b).<\/p>\n\n\n\n<p>Posledn\u00ed kv\u011btnov\u00fd den se na 2. kole poda\u0159ilo <strong>Samueli Vachou\u0161kovi<\/strong> (AK \u0160KODA Plze\u0148) o centimetr p\u0159ekonat krajsk\u00fd rekord ve skoku o ty\u010di. Nov\u00fd osobn\u00ed rekord 401 cm ho nav\u00edc za\u0159adil na pr\u016fb\u011b\u017en\u00e9 t\u0159et\u00ed m\u00edsto v republikov\u00e9 tabulce. Naopak do samotn\u00e9ho \u010dela posko\u010dil <strong>Erik Nagy <\/strong>(AC Doma\u017elice), kter\u00fd na distanci 3 000 m zapsal \u010das 9:08.88 min. Hned dv\u011b z\u00e1vodnice m\u00e1 Plze\u0148sk\u00fd kraj mezi p\u011bti nejlep\u0161\u00edmi v tuzemsku na 300 m. T\u0159et\u00ed p\u0159\u00ed\u010dka pat\u0159\u00ed <strong>Am\u00e1lii Matulkov\u00e9 <\/strong>(TJ Ban\u00edk St\u0159\u00edbro) d\u00edky \u010dasu 41.13 s a \u010dtvrt\u00e1 pak <strong>Em\u011b Nov\u00e1kov\u00e9<\/strong> (AK \u0160KODA Plze\u0148), kter\u00e1 zapsala \u010das 41.14 s.<\/p>\n\n\n\n<div class=\"wp-block-columns is-layout-flex wp-container-core-columns-layout-1 wp-block-columns-is-layout-flex\">\n<div class=\"wp-block-column is-layout-flow wp-block-column-is-layout-flow\" style=\"flex-basis:33.33%\"><div class=\"wp-block-image\">\n<figure class=\"aligncenter size-large is-resized\"><img loading=\"lazy\" decoding=\"async\" width=\"833\" height=\"1024\" src=\"http:\/\/pkas.cz\/wp-content\/uploads\/2025\/06\/IMG_2388-833x1024.jpg\" alt=\"\" class=\"wp-image-5380\" style=\"width:236px;height:auto\" srcset=\"http:\/\/pkas.cz\/wp-content\/uploads\/2025\/06\/IMG_2388-833x1024.jpg 833w, http:\/\/pkas.cz\/wp-content\/uploads\/2025\/06\/IMG_2388-244x300.jpg 244w, http:\/\/pkas.cz\/wp-content\/uploads\/2025\/06\/IMG_2388-768x944.jpg 768w, http:\/\/pkas.cz\/wp-content\/uploads\/2025\/06\/IMG_2388.jpg 1125w\" sizes=\"(max-width: 833px) 100vw, 833px\" \/><figcaption class=\"wp-element-caption\"><em>Samuel Vachou\u0161ek<\/em><\/figcaption><\/figure><\/div><\/div>\n\n\n\n<div class=\"wp-block-column is-layout-flow wp-block-column-is-layout-flow\" style=\"flex-basis:66.66%\">\n<p>\u010ctvrt\u00e1 m\u00edsta v republikov\u00fdch tabulk\u00e1ch pat\u0159\u00ed po v\u00edkendov\u00e9m kole sout\u011b\u017ee dru\u017estev tak\u00e9 <strong>Daniele Beranov\u00e9<\/strong> (M\u00cdLA\u0158I Doma\u017elice), kter\u00e1 na distanci 3 000 m zapsala \u010das 10:55.94 min, <strong>Davidu Hosnedlovi<\/strong> (AK \u0160KODA Plze\u0148) d\u00edky osobn\u00edmu rekordu 27.22 s na 200 m p\u0159ek\u00e1\u017eek a tak\u00e9 <strong>Alexu Cardovi<\/strong> (Aktiv Sport Hor\u0161ovsk\u00fd T\u00fdn), kter\u00fd si v hodu o\u0161t\u011bpem posunul osobn\u00ed maximum na 48.91 m.<\/p>\n\n\n\n<p>Sout\u011b\u017e dru\u017estev \u017e\u00e1ky\u0148 ovl\u00e1dly ve 2. kole z\u00e1vodnice <strong>TJ Ban\u00edku St\u0159\u00edbro<\/strong> (212 b), na druh\u00e9m m\u00edst\u011b skon\u010dila <strong>AK \u0160KODA Plze\u0148<\/strong> (190 b) a na t\u0159et\u00edm pak <strong>TRIATLET Karlovy Vary<\/strong> (138 b). Po\u0159ad\u00ed se oproti prvn\u00edmu utk\u00e1n\u00ed zm\u011bnilo tak\u00e9 v kategorii \u017e\u00e1k\u016f. Prvn\u00ed m\u00edsto vybojovalo dru\u017estvo <strong>Aktiv Sportu Hor\u0161ovsk\u00fd T\u00fdn<\/strong> (212,5 b), na druh\u00e9m m\u00edst\u011b skon\u010dil t\u00fdm <strong>AK \u0160KODY Plze\u0148<\/strong> (196,5 b) a t\u0159et\u00ed p\u0159\u00ed\u010dku obsadila <strong>Atletika Klatovy<\/strong> (133 b).<\/p>\n<\/div>\n<\/div>\n\n\n\n<p>Foto: Helena Smol\u00edkov\u00e1 (Aktiv Sport Hor\u0161ovsk\u00fd T\u00fdn), AK \u0160KODA Plze\u0148, \u010cAS &#8211; Jan Houska<\/p>\n\n\n\n<div class=\"wp-block-columns is-layout-flex wp-container-core-columns-layout-2 wp-block-columns-is-layout-flex\">\n<div class=\"wp-block-column is-layout-flow wp-block-column-is-layout-flow\"><div class=\"wp-block-image\">\n<figure class=\"aligncenter size-large is-resized\"><img loading=\"lazy\" decoding=\"async\" width=\"1024\" height=\"682\" src=\"http:\/\/pkas.cz\/wp-content\/uploads\/2025\/06\/nagy-1024x682.jpg\" alt=\"\" class=\"wp-image-5385\" style=\"width:393px;height:auto\" srcset=\"http:\/\/pkas.cz\/wp-content\/uploads\/2025\/06\/nagy-1024x682.jpg 1024w, http:\/\/pkas.cz\/wp-content\/uploads\/2025\/06\/nagy-300x200.jpg 300w, http:\/\/pkas.cz\/wp-content\/uploads\/2025\/06\/nagy-768x512.jpg 768w, http:\/\/pkas.cz\/wp-content\/uploads\/2025\/06\/nagy-1536x1024.jpg 1536w, http:\/\/pkas.cz\/wp-content\/uploads\/2025\/06\/nagy.jpg 2000w\" sizes=\"(max-width: 1024px) 100vw, 1024px\" \/><figcaption class=\"wp-element-caption\"><em>Erik Nagy (uprost\u0159ed)<\/em><\/figcaption><\/figure><\/div><\/div>\n\n\n\n<div class=\"wp-block-column is-layout-flow wp-block-column-is-layout-flow\"><div class=\"wp-block-image\">\n<figure class=\"aligncenter size-large is-resized\"><img loading=\"lazy\" decoding=\"async\" width=\"1024\" height=\"682\" src=\"http:\/\/pkas.cz\/wp-content\/uploads\/2025\/06\/preky-1024x682.jpg\" alt=\"\" class=\"wp-image-5386\" style=\"width:391px;height:auto\" srcset=\"http:\/\/pkas.cz\/wp-content\/uploads\/2025\/06\/preky-1024x682.jpg 1024w, http:\/\/pkas.cz\/wp-content\/uploads\/2025\/06\/preky-300x200.jpg 300w, http:\/\/pkas.cz\/wp-content\/uploads\/2025\/06\/preky-768x512.jpg 768w, http:\/\/pkas.cz\/wp-content\/uploads\/2025\/06\/preky-1536x1024.jpg 1536w, http:\/\/pkas.cz\/wp-content\/uploads\/2025\/06\/preky.jpg 2000w\" sizes=\"(max-width: 1024px) 100vw, 1024px\" \/><\/figure><\/div><\/div>\n<\/div>\n","protected":false},"excerpt":{"rendered":"<p>Sout\u011b\u017e dru\u017estev Plze\u0148sk\u00e9ho a Karlovarsk\u00e9ho kraje star\u0161\u00edch \u017e\u00e1k\u016f a \u017e\u00e1ky\u0148 m\u00e1 za sebou ji\u017e dv\u011b kola, prvn\u00ed se konalo 10. 5. v Chebu a druh\u00e9&hellip;<\/p>\n","protected":false},"author":4,"featured_media":5390,"comment_status":"closed","ping_status":"closed","sticky":false,"template":"","format":"standard","meta":{"footnotes":""},"categories":[1],"tags":[],"jetpack_sharing_enabled":true,"jetpack_featured_media_url":"http:\/\/pkas.cz\/wp-content\/uploads\/2025\/06\/horsak-holky.jpg","_links":{"self":[{"href":"http:\/\/pkas.cz\/index.php?rest_route=\/wp\/v2\/posts\/5362"}],"collection":[{"href":"http:\/\/pkas.cz\/index.php?rest_route=\/wp\/v2\/posts"}],"about":[{"href":"http:\/\/pkas.cz\/index.php?rest_route=\/wp\/v2\/types\/post"}],"author":[{"embeddable":true,"href":"http:\/\/pkas.cz\/index.php?rest_route=\/wp\/v2\/users\/4"}],"replies":[{"embeddable":true,"href":"http:\/\/pkas.cz\/index.php?rest_route=%2Fwp%2Fv2%2Fcomments&post=5362"}],"version-history":[{"count":23,"href":"http:\/\/pkas.cz\/index.php?rest_route=\/wp\/v2\/posts\/5362\/revisions"}],"predecessor-version":[{"id":5401,"href":"http:\/\/pkas.cz\/index.php?rest_route=\/wp\/v2\/posts\/5362\/revisions\/5401"}],"wp:featuredmedia":[{"embeddable":true,"href":"http:\/\/pkas.cz\/index.php?rest_route=\/wp\/v2\/media\/5390"}],"wp:attachment":[{"href":"http:\/\/pkas.cz\/index.php?rest_route=%2Fwp%2Fv2%2Fmedia&parent=5362"}],"wp:term":[{"taxonomy":"category","embeddable":true,"href":"http:\/\/pkas.cz\/index.php?rest_route=%2Fwp%2Fv2%2Fcategories&post=5362"},{"taxonomy":"post_tag","embeddable":true,"href":"http:\/\/pkas.cz\/index.php?rest_route=%2Fwp%2Fv2%2Ftags&post=5362"}],"curies":[{"name":"wp","href":"https:\/\/api.w.org\/{rel}","templated":true}]}}