{"id":5329,"date":"2025-05-29T22:36:03","date_gmt":"2025-05-29T20:36:03","guid":{"rendered":"http:\/\/pkas.cz\/?p=5329"},"modified":"2025-05-29T22:36:04","modified_gmt":"2025-05-29T20:36:04","slug":"2-kolo-omd-junioru-dorostu-a-zactva-skrty","status":"publish","type":"post","link":"http:\/\/pkas.cz\/?p=5329","title":{"rendered":"2. kolo OMD junior\u016f, dorostu a \u017eactva &#8211; \u0161krty"},"content":{"rendered":"<div class=\"wp-block-image\">\n<figure class=\"aligncenter size-full is-resized\"><img loading=\"lazy\" decoding=\"async\" width=\"525\" height=\"344\" src=\"http:\/\/pkas.cz\/wp-content\/uploads\/2024\/02\/PKAS-logo-right-vetsi.png\" alt=\"\" class=\"wp-image-4287\" style=\"width:272px;height:auto\" srcset=\"http:\/\/pkas.cz\/wp-content\/uploads\/2024\/02\/PKAS-logo-right-vetsi.png 525w, http:\/\/pkas.cz\/wp-content\/uploads\/2024\/02\/PKAS-logo-right-vetsi-300x197.png 300w\" sizes=\"(max-width: 525px) 100vw, 525px\" \/><figcaption class=\"wp-element-caption\">   <\/figcaption><\/figure><\/div>\n\n\n<p>P\u0159edseda sout\u011b\u017en\u00ed komise vydal tyto informace (aktu\u00e1ln\u00ed verze k 29. 5. 2025 22:00) ke 2. kolu sout\u011b\u017ee dru\u017estev kategori\u00ed junior\u016f, dorostenc\u016f a \u017eactva, kter\u00e9 se kon\u00e1 31. 5. 2025 v Karlov\u00fdch Varech.<\/p>\n\n\n\n<p><a href=\"http:\/\/pkas.cz\/wp-content\/uploads\/2025\/05\/Skrty_31.5._karlovy-vary.pdf\" target=\"_blank\" rel=\"noreferrer noopener\">Seznam \u0161krt\u016f 31. 5. 2025<\/a><\/p>\n","protected":false},"excerpt":{"rendered":"<p>P\u0159edseda sout\u011b\u017en\u00ed komise vydal tyto informace (aktu\u00e1ln\u00ed verze k 29. 5. 2025 22:00) ke 2. kolu sout\u011b\u017ee dru\u017estev kategori\u00ed junior\u016f, dorostenc\u016f a \u017eactva, kter\u00e9 se&hellip;<\/p>\n","protected":false},"author":4,"featured_media":4287,"comment_status":"closed","ping_status":"closed","sticky":false,"template":"","format":"standard","meta":{"footnotes":""},"categories":[27],"tags":[],"jetpack_sharing_enabled":true,"jetpack_featured_media_url":"http:\/\/pkas.cz\/wp-content\/uploads\/2024\/02\/PKAS-logo-right-vetsi.png","_links":{"self":[{"href":"http:\/\/pkas.cz\/index.php?rest_route=\/wp\/v2\/posts\/5329"}],"collection":[{"href":"http:\/\/pkas.cz\/index.php?rest_route=\/wp\/v2\/posts"}],"about":[{"href":"http:\/\/pkas.cz\/index.php?rest_route=\/wp\/v2\/types\/post"}],"author":[{"embeddable":true,"href":"http:\/\/pkas.cz\/index.php?rest_route=\/wp\/v2\/users\/4"}],"replies":[{"embeddable":true,"href":"http:\/\/pkas.cz\/index.php?rest_route=%2Fwp%2Fv2%2Fcomments&post=5329"}],"version-history":[{"count":1,"href":"http:\/\/pkas.cz\/index.php?rest_route=\/wp\/v2\/posts\/5329\/revisions"}],"predecessor-version":[{"id":5330,"href":"http:\/\/pkas.cz\/index.php?rest_route=\/wp\/v2\/posts\/5329\/revisions\/5330"}],"wp:featuredmedia":[{"embeddable":true,"href":"http:\/\/pkas.cz\/index.php?rest_route=\/wp\/v2\/media\/4287"}],"wp:attachment":[{"href":"http:\/\/pkas.cz\/index.php?rest_route=%2Fwp%2Fv2%2Fmedia&parent=5329"}],"wp:term":[{"taxonomy":"category","embeddable":true,"href":"http:\/\/pkas.cz\/index.php?rest_route=%2Fwp%2Fv2%2Fcategories&post=5329"},{"taxonomy":"post_tag","embeddable":true,"href":"http:\/\/pkas.cz\/index.php?rest_route=%2Fwp%2Fv2%2Ftags&post=5329"}],"curies":[{"name":"wp","href":"https:\/\/api.w.org\/{rel}","templated":true}]}}