{"id":5316,"date":"2025-05-26T11:32:32","date_gmt":"2025-05-26T09:32:32","guid":{"rendered":"http:\/\/pkas.cz\/?p=5316"},"modified":"2025-05-26T11:39:12","modified_gmt":"2025-05-26T09:39:12","slug":"zs-horsovsky-tyn-na-finalovem-klani-stafetoveho-poharu","status":"publish","type":"post","link":"http:\/\/pkas.cz\/?p=5316","title":{"rendered":"Z\u0160 Hor\u0161ovsk\u00fd T\u00fdn na fin\u00e1lov\u00e9m kl\u00e1n\u00ed \u0160tafetov\u00e9ho poh\u00e1ru"},"content":{"rendered":"<div class=\"wp-block-image\">\n<figure class=\"aligncenter size-large is-resized\"><img loading=\"lazy\" decoding=\"async\" width=\"1024\" height=\"682\" src=\"http:\/\/pkas.cz\/wp-content\/uploads\/2025\/05\/zs-ht-1024x682.webp\" alt=\"\" class=\"wp-image-5318\" style=\"width:358px;height:auto\" srcset=\"http:\/\/pkas.cz\/wp-content\/uploads\/2025\/05\/zs-ht-1024x682.webp 1024w, http:\/\/pkas.cz\/wp-content\/uploads\/2025\/05\/zs-ht-300x200.webp 300w, http:\/\/pkas.cz\/wp-content\/uploads\/2025\/05\/zs-ht-768x512.webp 768w, http:\/\/pkas.cz\/wp-content\/uploads\/2025\/05\/zs-ht-1536x1024.webp 1536w, http:\/\/pkas.cz\/wp-content\/uploads\/2025\/05\/zs-ht.webp 2000w\" sizes=\"(max-width: 1024px) 100vw, 1024px\" \/><figcaption class=\"wp-element-caption\">   <\/figcaption><\/figure><\/div>\n\n\n<p>Letos se konal ji\u017e 12. ro\u010dn\u00edk \u0160tafetov\u00e9ho poh\u00e1ru, kter\u00e9ho se \u00fa\u010dastn\u00ed a\u017e 16 \u010dlenn\u00e1 dru\u017estva prvn\u00edho stupn\u011b z\u00e1kladn\u00edch \u0161kol. Celkem se b\u011b\u017e\u00ed t\u0159i \u0161tafety, jejich\u017e \u010dasy se s\u010d\u00edtaj\u00ed a v\u00edt\u011bz\u00ed \u0161kola s nejlep\u0161\u00edm celkov\u00fdm \u010dasem. Prvn\u00ed \u0161tafetu 8&#215;100 m tvo\u0159\u00ed \u017e\u00e1kyn\u011b a \u017e\u00e1ci 1.-3. t\u0159\u00eddy a druhou \u0161tafetu 8&#215;100 m \u017e\u00e1kyn\u011b a \u017e\u00e1ci 4.-5. t\u0159\u00eddy. T\u0159et\u00ed \u010das pak pat\u0159\u00ed \u0161tafet\u011b 8&#215;200 m, kterou tvo\u0159\u00ed spole\u010dn\u011b \u010dty\u0159i \u017e\u00e1kyn\u011b a \u017e\u00e1ci 1.-3. t\u0159\u00eddy a \u010dty\u0159i \u017e\u00e1kyn\u011b a \u017e\u00e1ci 4.-5. t\u0159\u00eddy. V r\u00e1mci republiky se konala jednotliv\u00e1 okresn\u00ed kola, v Plze\u0148sk\u00e9m kraji jich bylo hned \u0161est za \u00fa\u010dasti 62 z\u00e1kladn\u00edch \u0161kol, z nich\u017e dru\u017estva postupovala do krajsk\u00e9ho fin\u00e1le.<\/p>\n\n\n\n<div class=\"wp-block-columns is-layout-flex wp-container-core-columns-layout-1 wp-block-columns-is-layout-flex\">\n<div class=\"wp-block-column is-layout-flow wp-block-column-is-layout-flow\">\n<p>Krajsk\u00e9 fin\u00e1le se konalo 6. 5. v Hor\u0161ovsk\u00e9m T\u00fdn\u011b a z\u00fa\u010dastnilo se ho hned \u0161estn\u00e1ct z\u00e1kladn\u00edch \u0161kol. Na prvn\u00edm m\u00edst\u011b skon\u010dilo dru\u017estvo Z\u0160 Hor\u0161ovsk\u00fd T\u00fdn s celkov\u00fdm \u010dasem 8:51,40 min, na druh\u00e9 pozici se t\u011bsn\u011b um\u00edstilo dru\u017estvo Z\u00e1kladn\u00ed \u0161koly Tachov \u010dasem 8:51,70 min a t\u0159et\u00ed m\u00edsto vybojovalo dru\u017estvo Z\u0160 Hol\u00fd\u0161ov d\u00edky \u010dasu 8:59,20 min. V\u00edt\u011bzov\u00e9 postoupili do republikov\u00e9ho fin\u00e1le, kde na n\u011b \u010dekalo dal\u0161\u00edch patn\u00e1ct soupe\u0159\u016f. To se uskute\u010dnilo 22. 5. v Bene\u0161ov\u011b a z\u00e1vodn\u00edci ze Z\u00e1kladn\u00ed \u0161koly Hor\u0161ovsk\u00fd T\u00fdn v n\u011bm obsadili t\u0159in\u00e1ct\u00e9 m\u00edsto.<\/p>\n<\/div>\n\n\n\n<div class=\"wp-block-column is-layout-flow wp-block-column-is-layout-flow\"><div class=\"wp-block-image\">\n<figure class=\"aligncenter size-large is-resized\"><img loading=\"lazy\" decoding=\"async\" width=\"1024\" height=\"682\" src=\"http:\/\/pkas.cz\/wp-content\/uploads\/2025\/05\/stafetovy-pohar-1024x682.webp\" alt=\"\" class=\"wp-image-5317\" style=\"width:362px;height:auto\" srcset=\"http:\/\/pkas.cz\/wp-content\/uploads\/2025\/05\/stafetovy-pohar-1024x682.webp 1024w, http:\/\/pkas.cz\/wp-content\/uploads\/2025\/05\/stafetovy-pohar-300x200.webp 300w, http:\/\/pkas.cz\/wp-content\/uploads\/2025\/05\/stafetovy-pohar-768x512.webp 768w, http:\/\/pkas.cz\/wp-content\/uploads\/2025\/05\/stafetovy-pohar-1536x1024.webp 1536w, http:\/\/pkas.cz\/wp-content\/uploads\/2025\/05\/stafetovy-pohar.webp 2000w\" sizes=\"(max-width: 1024px) 100vw, 1024px\" \/><\/figure><\/div><\/div>\n<\/div>\n\n\n\n<p>Na kompletn\u00ed v\u00fdsledky fin\u00e1lov\u00e9ho kl\u00e1n\u00ed, krajsk\u00fdch fin\u00e1le a jednotliv\u00fdch okresn\u00edch kol se m\u016f\u017eete pod\u00edvat na <a href=\"https:\/\/www.stafetovypohar.cz\/vysledkova-listina\/2025\" target=\"_blank\" rel=\"noreferrer noopener\">tomto odkazu<\/a>.<br>Foto: Jan Houska<\/p>\n\n\n<div class=\"wp-block-image\">\n<figure class=\"aligncenter size-large is-resized\"><img loading=\"lazy\" decoding=\"async\" width=\"1024\" height=\"768\" src=\"http:\/\/pkas.cz\/wp-content\/uploads\/2025\/05\/ht-kf-1024x768.jpg\" alt=\"\" class=\"wp-image-5321\" style=\"width:362px;height:auto\" srcset=\"http:\/\/pkas.cz\/wp-content\/uploads\/2025\/05\/ht-kf-1024x768.jpg 1024w, http:\/\/pkas.cz\/wp-content\/uploads\/2025\/05\/ht-kf-300x225.jpg 300w, http:\/\/pkas.cz\/wp-content\/uploads\/2025\/05\/ht-kf-768x576.jpg 768w, http:\/\/pkas.cz\/wp-content\/uploads\/2025\/05\/ht-kf-1536x1152.jpg 1536w, http:\/\/pkas.cz\/wp-content\/uploads\/2025\/05\/ht-kf.jpg 2000w\" sizes=\"(max-width: 1024px) 100vw, 1024px\" \/><figcaption class=\"wp-element-caption\"><em>Krajsk\u00e9 fin\u00e1le v Hor\u0161ovsk\u00e9m T\u00fdn\u011b<\/em><\/figcaption><\/figure><\/div>","protected":false},"excerpt":{"rendered":"<p>Letos se konal ji\u017e 12. ro\u010dn\u00edk \u0160tafetov\u00e9ho poh\u00e1ru, kter\u00e9ho se \u00fa\u010dastn\u00ed a\u017e 16 \u010dlenn\u00e1 dru\u017estva prvn\u00edho stupn\u011b z\u00e1kladn\u00edch \u0161kol. Celkem se b\u011b\u017e\u00ed t\u0159i \u0161tafety, jejich\u017e&hellip;<\/p>\n","protected":false},"author":4,"featured_media":5317,"comment_status":"closed","ping_status":"closed","sticky":false,"template":"","format":"standard","meta":{"footnotes":""},"categories":[1],"tags":[],"jetpack_sharing_enabled":true,"jetpack_featured_media_url":"http:\/\/pkas.cz\/wp-content\/uploads\/2025\/05\/stafetovy-pohar.webp","_links":{"self":[{"href":"http:\/\/pkas.cz\/index.php?rest_route=\/wp\/v2\/posts\/5316"}],"collection":[{"href":"http:\/\/pkas.cz\/index.php?rest_route=\/wp\/v2\/posts"}],"about":[{"href":"http:\/\/pkas.cz\/index.php?rest_route=\/wp\/v2\/types\/post"}],"author":[{"embeddable":true,"href":"http:\/\/pkas.cz\/index.php?rest_route=\/wp\/v2\/users\/4"}],"replies":[{"embeddable":true,"href":"http:\/\/pkas.cz\/index.php?rest_route=%2Fwp%2Fv2%2Fcomments&post=5316"}],"version-history":[{"count":5,"href":"http:\/\/pkas.cz\/index.php?rest_route=\/wp\/v2\/posts\/5316\/revisions"}],"predecessor-version":[{"id":5325,"href":"http:\/\/pkas.cz\/index.php?rest_route=\/wp\/v2\/posts\/5316\/revisions\/5325"}],"wp:featuredmedia":[{"embeddable":true,"href":"http:\/\/pkas.cz\/index.php?rest_route=\/wp\/v2\/media\/5317"}],"wp:attachment":[{"href":"http:\/\/pkas.cz\/index.php?rest_route=%2Fwp%2Fv2%2Fmedia&parent=5316"}],"wp:term":[{"taxonomy":"category","embeddable":true,"href":"http:\/\/pkas.cz\/index.php?rest_route=%2Fwp%2Fv2%2Fcategories&post=5316"},{"taxonomy":"post_tag","embeddable":true,"href":"http:\/\/pkas.cz\/index.php?rest_route=%2Fwp%2Fv2%2Ftags&post=5316"}],"curies":[{"name":"wp","href":"https:\/\/api.w.org\/{rel}","templated":true}]}}