{"id":5296,"date":"2025-05-06T22:38:00","date_gmt":"2025-05-06T20:38:00","guid":{"rendered":"http:\/\/pkas.cz\/?p=5296"},"modified":"2025-05-07T21:26:07","modified_gmt":"2025-05-07T19:26:07","slug":"hvezdne-hazeni-v-domazlicich-jiz-tuto-nedeli","status":"publish","type":"post","link":"http:\/\/pkas.cz\/?p=5296","title":{"rendered":"Hv\u011bzdn\u00e9 h\u00e1zen\u00ed v Doma\u017elic\u00edch ji\u017e tuto ned\u011bli"},"content":{"rendered":"<div class=\"wp-block-image\">\n<figure class=\"aligncenter size-large is-resized\"><img loading=\"lazy\" decoding=\"async\" width=\"1024\" height=\"683\" src=\"http:\/\/pkas.cz\/wp-content\/uploads\/2025\/05\/sicakova-hazeni-1024x683.webp\" alt=\"\" class=\"wp-image-5297\" style=\"width:404px;height:auto\" srcset=\"http:\/\/pkas.cz\/wp-content\/uploads\/2025\/05\/sicakova-hazeni-1024x683.webp 1024w, http:\/\/pkas.cz\/wp-content\/uploads\/2025\/05\/sicakova-hazeni-300x200.webp 300w, http:\/\/pkas.cz\/wp-content\/uploads\/2025\/05\/sicakova-hazeni-768x512.webp 768w, http:\/\/pkas.cz\/wp-content\/uploads\/2025\/05\/sicakova-hazeni-1536x1024.webp 1536w, http:\/\/pkas.cz\/wp-content\/uploads\/2025\/05\/sicakova-hazeni.webp 1920w\" sizes=\"(max-width: 1024px) 100vw, 1024px\" \/><figcaption class=\"wp-element-caption\">   <\/figcaption><\/figure><\/div>\n\n\n<p>Nejv\u011bt\u0161\u00ed m\u00edtink na z\u00e1pad\u011b \u010cech se kon\u00e1 ji\u017e tuto ned\u011bli 11. 5. 2025. Do Doma\u017elic se sjedou z\u00e1vodn\u00edci sv\u011btov\u00e9 \u00farovn\u011b a spolu s \u010desk\u00fdmi hv\u011bzdami zah\u00e1j\u00ed leto\u0161n\u00ed sez\u00f3nu, jej\u00edm\u017e vrcholem bude Mistrovstv\u00ed sv\u011bta v japonsk\u00e9m Tokiu (13.-21. 9. 2025). Vrha\u010dsk\u00e9 discipl\u00edny mu\u017e\u016f a \u017een jsou za\u0159azeny v r\u00e1mci sv\u011btov\u00e9 atletick\u00e9 tour jako bronzov\u00fd m\u00edtink, co\u017e z n\u011bj d\u011bl\u00e1 jedine\u010dn\u00fd z\u00e1vod v Plze\u0148sk\u00e9m kraji.<\/p>\n\n\n\n<div class=\"wp-block-columns is-layout-flex wp-container-core-columns-layout-1 wp-block-columns-is-layout-flex\">\n<div class=\"wp-block-column is-layout-flow wp-block-column-is-layout-flow\">\n<p>Vedle \u010desk\u00fdch z\u00e1vodn\u00edk\u016f jako talentovan\u00e9 o\u0161t\u011bpa\u0159ky Petry Si\u010dakov\u00e9 (PB 62,12 m), nejlep\u0161\u00edho tuzemsk\u00e9ho koula\u0159e Tom\u00e1\u0161e Sta\u0148ka (PB 22,17 m) nebo diska\u0159e Marka B\u00e1rty (PB 67,00 m) uvid\u00edme n\u011bmeck\u00e9ho o\u0161t\u011bpa\u0159e Thomase R\u00f6hlera (PB 93,90 m) nebo nigerijskou diska\u0159ku Pamelu Amaechi (PB 63,17 m) a dal\u0161\u00ed.<\/p>\n\n\n\n<p>P\u0159ipom\u00edn\u00e1me tak\u00e9 p\u0159\u00edle\u017eitost d\u00edky finan\u010dn\u00edmu p\u0159\u00edsp\u011bvku na z\u00e1vod od n\u00e1s jako Plze\u0148sk\u00e9ho krajsk\u00e9ho atletick\u00e9ho svazu startovat v r\u00e1mci n\u00e1rodn\u00edho programu na distanci 300 m v kategori\u00edch \u017eactvo a\u017e junio\u0159i bezplatn\u011b.<\/p>\n<\/div>\n\n\n\n<div class=\"wp-block-column is-layout-flow wp-block-column-is-layout-flow\"><div class=\"wp-block-image\">\n<figure class=\"aligncenter size-large is-resized\"><img loading=\"lazy\" decoding=\"async\" width=\"1024\" height=\"683\" src=\"http:\/\/pkas.cz\/wp-content\/uploads\/2025\/05\/hvezdne-hazeni-1024x683.webp\" alt=\"\" class=\"wp-image-5299\" style=\"width:381px;height:auto\" srcset=\"http:\/\/pkas.cz\/wp-content\/uploads\/2025\/05\/hvezdne-hazeni-1024x683.webp 1024w, http:\/\/pkas.cz\/wp-content\/uploads\/2025\/05\/hvezdne-hazeni-300x200.webp 300w, http:\/\/pkas.cz\/wp-content\/uploads\/2025\/05\/hvezdne-hazeni-768x512.webp 768w, http:\/\/pkas.cz\/wp-content\/uploads\/2025\/05\/hvezdne-hazeni-1536x1024.webp 1536w, http:\/\/pkas.cz\/wp-content\/uploads\/2025\/05\/hvezdne-hazeni.webp 1920w\" sizes=\"(max-width: 1024px) 100vw, 1024px\" \/><\/figure><\/div><\/div>\n<\/div>\n\n\n\n<p>V\u00edce informac\u00ed naleznete na t\u011bchto odkazech: <a href=\"https:\/\/www.czechjavelin.cz\/hvezdne-hazeni\" target=\"_blank\" rel=\"noreferrer noopener\">Czech Javelin<\/a>, <a href=\"http:\/\/milaridomazlice.cz\/hvezdne-hazeni-2025\/\" target=\"_blank\" rel=\"noreferrer noopener\">M\u00cdLA\u0158I Doma\u017elice<\/a>, <a href=\"https:\/\/online.atletika.cz\/Propozice\/propozice\/79066\" target=\"_blank\" rel=\"noreferrer noopener\">\u010cAS<\/a><\/p>\n\n\n\n<p>Foto: \u010cAS &#8211; Jan Houska<\/p>\n\n\n<div class=\"wp-block-image\">\n<figure class=\"aligncenter size-large is-resized\"><img loading=\"lazy\" decoding=\"async\" width=\"1024\" height=\"683\" src=\"http:\/\/pkas.cz\/wp-content\/uploads\/2025\/05\/beh-hazeni-1024x683.webp\" alt=\"\" class=\"wp-image-5302\" style=\"width:436px;height:auto\" srcset=\"http:\/\/pkas.cz\/wp-content\/uploads\/2025\/05\/beh-hazeni-1024x683.webp 1024w, http:\/\/pkas.cz\/wp-content\/uploads\/2025\/05\/beh-hazeni-300x200.webp 300w, http:\/\/pkas.cz\/wp-content\/uploads\/2025\/05\/beh-hazeni-768x512.webp 768w, http:\/\/pkas.cz\/wp-content\/uploads\/2025\/05\/beh-hazeni-1536x1024.webp 1536w, http:\/\/pkas.cz\/wp-content\/uploads\/2025\/05\/beh-hazeni.webp 1920w\" sizes=\"(max-width: 1024px) 100vw, 1024px\" \/><\/figure><\/div>","protected":false},"excerpt":{"rendered":"<p>Nejv\u011bt\u0161\u00ed m\u00edtink na z\u00e1pad\u011b \u010cech se kon\u00e1 ji\u017e tuto ned\u011bli 11. 5. 2025. Do Doma\u017elic se sjedou z\u00e1vodn\u00edci sv\u011btov\u00e9 \u00farovn\u011b a spolu s \u010desk\u00fdmi hv\u011bzdami&hellip;<\/p>\n","protected":false},"author":4,"featured_media":5299,"comment_status":"closed","ping_status":"closed","sticky":false,"template":"","format":"standard","meta":{"footnotes":""},"categories":[27],"tags":[],"jetpack_sharing_enabled":true,"jetpack_featured_media_url":"http:\/\/pkas.cz\/wp-content\/uploads\/2025\/05\/hvezdne-hazeni.webp","_links":{"self":[{"href":"http:\/\/pkas.cz\/index.php?rest_route=\/wp\/v2\/posts\/5296"}],"collection":[{"href":"http:\/\/pkas.cz\/index.php?rest_route=\/wp\/v2\/posts"}],"about":[{"href":"http:\/\/pkas.cz\/index.php?rest_route=\/wp\/v2\/types\/post"}],"author":[{"embeddable":true,"href":"http:\/\/pkas.cz\/index.php?rest_route=\/wp\/v2\/users\/4"}],"replies":[{"embeddable":true,"href":"http:\/\/pkas.cz\/index.php?rest_route=%2Fwp%2Fv2%2Fcomments&post=5296"}],"version-history":[{"count":7,"href":"http:\/\/pkas.cz\/index.php?rest_route=\/wp\/v2\/posts\/5296\/revisions"}],"predecessor-version":[{"id":5307,"href":"http:\/\/pkas.cz\/index.php?rest_route=\/wp\/v2\/posts\/5296\/revisions\/5307"}],"wp:featuredmedia":[{"embeddable":true,"href":"http:\/\/pkas.cz\/index.php?rest_route=\/wp\/v2\/media\/5299"}],"wp:attachment":[{"href":"http:\/\/pkas.cz\/index.php?rest_route=%2Fwp%2Fv2%2Fmedia&parent=5296"}],"wp:term":[{"taxonomy":"category","embeddable":true,"href":"http:\/\/pkas.cz\/index.php?rest_route=%2Fwp%2Fv2%2Fcategories&post=5296"},{"taxonomy":"post_tag","embeddable":true,"href":"http:\/\/pkas.cz\/index.php?rest_route=%2Fwp%2Fv2%2Ftags&post=5296"}],"curies":[{"name":"wp","href":"https:\/\/api.w.org\/{rel}","templated":true}]}}