{"id":5284,"date":"2025-05-06T11:38:03","date_gmt":"2025-05-06T09:38:03","guid":{"rendered":"http:\/\/pkas.cz\/?p=5284"},"modified":"2025-05-06T11:41:20","modified_gmt":"2025-05-06T09:41:20","slug":"mistrovsky-titul-v-maratonu-pro-hrochovou","status":"publish","type":"post","link":"http:\/\/pkas.cz\/?p=5284","title":{"rendered":"Mistrovsk\u00fd titul v maratonu pro Hrochovou"},"content":{"rendered":"<div class=\"wp-block-image\">\n<figure class=\"aligncenter size-large is-resized\"><img loading=\"lazy\" decoding=\"async\" width=\"1024\" height=\"682\" src=\"http:\/\/pkas.cz\/wp-content\/uploads\/2025\/05\/hrochova-maraton-1024x682.webp\" alt=\"\" class=\"wp-image-5285\" style=\"width:374px;height:auto\" srcset=\"http:\/\/pkas.cz\/wp-content\/uploads\/2025\/05\/hrochova-maraton-1024x682.webp 1024w, http:\/\/pkas.cz\/wp-content\/uploads\/2025\/05\/hrochova-maraton-300x200.webp 300w, http:\/\/pkas.cz\/wp-content\/uploads\/2025\/05\/hrochova-maraton-768x512.webp 768w, http:\/\/pkas.cz\/wp-content\/uploads\/2025\/05\/hrochova-maraton-1536x1024.webp 1536w, http:\/\/pkas.cz\/wp-content\/uploads\/2025\/05\/hrochova-maraton.webp 2000w\" sizes=\"(max-width: 1024px) 100vw, 1024px\" \/><figcaption class=\"wp-element-caption\">   <\/figcaption><\/figure><\/div>\n\n\n<p>Prvn\u00ed kv\u011btnovou ned\u011bli se konal jubilejn\u00ed 30. ro\u010dn\u00edk pra\u017esk\u00e9ho maratonu, v r\u00e1mci kter\u00e9ho prob\u011bhlo tak\u00e9 mistrovstv\u00ed \u010cesk\u00e9 republiky. Na start z\u00e1vodu se v\u016fbec poprv\u00e9 postavila <strong>Tereza Hrochov\u00e1<\/strong> (AK \u0160KODA Plze\u0148), jej\u00ed\u017e hlavn\u00edm \u00fakolem byl zisk mistrovsk\u00e9ho titulu. Sv\u011b\u0159enkyn\u011b Vladim\u00edra Bart\u016f\u0148ka ut\u00edkala sv\u00fdm soupe\u0159k\u00e1m od prvn\u00edch kilometr\u016f, v polovin\u011b trati m\u011bla ji\u017e v\u00edce ne\u017e \u010dty\u0159minutov\u00fd n\u00e1skok a c\u00edlovou p\u00e1sku pro\u0165ala jako prvn\u00ed v \u010dase 2:34.04 hod. Tereza Hrochov\u00e1 si tak p\u0159ipsala premi\u00e9rov\u00fd mistrovsk\u00fd titul na maratonsk\u00e9 distanci. V mezin\u00e1rodn\u00ed konkurenci pak obsadila celkov\u00e9 sedm\u00e9 m\u00edsto, \u00faplnou v\u00edt\u011bzkou ORLEN Maratonu Praha se stala etiopsk\u00e1 z\u00e1vodnice Berukan Sura v \u010dase 2:20.55 hod.<\/p>\n\n\n\n<div class=\"wp-block-columns is-layout-flex wp-container-core-columns-layout-1 wp-block-columns-is-layout-flex\">\n<div class=\"wp-block-column is-layout-flow wp-block-column-is-layout-flow\">\n<p>O t\u00fdden d\u0159\u00edve, tedy 27. dubna, se ve slovensk\u00e9 Pova\u017esk\u00e9 Bystrici konal n\u00e1rodn\u00ed \u0161ampion\u00e1t v b\u011bhu na 10 000 m na dr\u00e1ze. Zde m\u011bla z\u00e1pado\u010desk\u00e1 atletika zastoupen\u00ed v z\u00e1vod\u011b junior\u016f v podob\u011b <strong>Jana Riegela<\/strong> (AC Doma\u017elice), kter\u00fd obsadil \u010dasem 33:55.32 min nepopul\u00e1rn\u00ed \u010dtvrt\u00e9 m\u00edsto, a<strong> Zde\u0148ka \u0160ti\u010dky<\/strong> (TJ Ban\u00edk St\u0159\u00edbro), jeho\u017e \u010das 34:43.31 min sta\u010dil na dev\u00e1t\u00e9 m\u00edsto.<\/p>\n\n\n\n<p>Foto: \u010cAS &#8211; Jan Houska, \u010cAS &#8211; Jaro \u010cerm\u00e1k<\/p>\n<\/div>\n\n\n\n<div class=\"wp-block-column is-layout-flow wp-block-column-is-layout-flow\"><div class=\"wp-block-image\">\n<figure class=\"aligncenter size-large is-resized\"><img loading=\"lazy\" decoding=\"async\" width=\"696\" height=\"1024\" src=\"http:\/\/pkas.cz\/wp-content\/uploads\/2025\/05\/riegel-696x1024.webp\" alt=\"\" class=\"wp-image-5289\" style=\"width:244px;height:auto\" srcset=\"http:\/\/pkas.cz\/wp-content\/uploads\/2025\/05\/riegel-696x1024.webp 696w, http:\/\/pkas.cz\/wp-content\/uploads\/2025\/05\/riegel-204x300.webp 204w, http:\/\/pkas.cz\/wp-content\/uploads\/2025\/05\/riegel-768x1130.webp 768w, http:\/\/pkas.cz\/wp-content\/uploads\/2025\/05\/riegel-1044x1536.webp 1044w, http:\/\/pkas.cz\/wp-content\/uploads\/2025\/05\/riegel.webp 1359w\" sizes=\"(max-width: 696px) 100vw, 696px\" \/><\/figure><\/div><\/div>\n<\/div>\n","protected":false},"excerpt":{"rendered":"<p>Prvn\u00ed kv\u011btnovou ned\u011bli se konal jubilejn\u00ed 30. ro\u010dn\u00edk pra\u017esk\u00e9ho maratonu, v r\u00e1mci kter\u00e9ho prob\u011bhlo tak\u00e9 mistrovstv\u00ed \u010cesk\u00e9 republiky. Na start z\u00e1vodu se v\u016fbec poprv\u00e9 postavila&hellip;<\/p>\n","protected":false},"author":4,"featured_media":5291,"comment_status":"closed","ping_status":"closed","sticky":false,"template":"","format":"standard","meta":{"footnotes":""},"categories":[1],"tags":[],"jetpack_sharing_enabled":true,"jetpack_featured_media_url":"http:\/\/pkas.cz\/wp-content\/uploads\/2025\/05\/hrochova-stupne.jpeg","_links":{"self":[{"href":"http:\/\/pkas.cz\/index.php?rest_route=\/wp\/v2\/posts\/5284"}],"collection":[{"href":"http:\/\/pkas.cz\/index.php?rest_route=\/wp\/v2\/posts"}],"about":[{"href":"http:\/\/pkas.cz\/index.php?rest_route=\/wp\/v2\/types\/post"}],"author":[{"embeddable":true,"href":"http:\/\/pkas.cz\/index.php?rest_route=\/wp\/v2\/users\/4"}],"replies":[{"embeddable":true,"href":"http:\/\/pkas.cz\/index.php?rest_route=%2Fwp%2Fv2%2Fcomments&post=5284"}],"version-history":[{"count":6,"href":"http:\/\/pkas.cz\/index.php?rest_route=\/wp\/v2\/posts\/5284\/revisions"}],"predecessor-version":[{"id":5295,"href":"http:\/\/pkas.cz\/index.php?rest_route=\/wp\/v2\/posts\/5284\/revisions\/5295"}],"wp:featuredmedia":[{"embeddable":true,"href":"http:\/\/pkas.cz\/index.php?rest_route=\/wp\/v2\/media\/5291"}],"wp:attachment":[{"href":"http:\/\/pkas.cz\/index.php?rest_route=%2Fwp%2Fv2%2Fmedia&parent=5284"}],"wp:term":[{"taxonomy":"category","embeddable":true,"href":"http:\/\/pkas.cz\/index.php?rest_route=%2Fwp%2Fv2%2Fcategories&post=5284"},{"taxonomy":"post_tag","embeddable":true,"href":"http:\/\/pkas.cz\/index.php?rest_route=%2Fwp%2Fv2%2Ftags&post=5284"}],"curies":[{"name":"wp","href":"https:\/\/api.w.org\/{rel}","templated":true}]}}