{"id":5261,"date":"2025-04-27T19:36:02","date_gmt":"2025-04-27T17:36:02","guid":{"rendered":"http:\/\/pkas.cz\/?p=5261"},"modified":"2025-04-27T19:41:15","modified_gmt":"2025-04-27T17:41:15","slug":"byvaly-predseda-pkas-petr-konop-obdrzel-na-vh-cas-cestny-titul","status":"publish","type":"post","link":"http:\/\/pkas.cz\/?p=5261","title":{"rendered":"B\u00fdval\u00fd p\u0159edseda PKAS Petr Konop obdr\u017eel na VH \u010cAS \u010destn\u00fd titul"},"content":{"rendered":"\n<p>V sobotu 26. dubna 2025 se v Nymburku konala Valn\u00e1 hromada \u010cesk\u00e9ho atletick\u00e9ho svazu, na kter\u00e9 prob\u011bhly volby do p\u0159edsednictva nejvy\u0161\u0161\u00edho tuzemsk\u00e9ho svazu atletiky. Za Plze\u0148sk\u00fd kraj na ni bylo vysl\u00e1no deset deleg\u00e1t\u016f, kte\u0159\u00ed byli schv\u00e1leni na valn\u00e9 hromad\u011b Plze\u0148sk\u00e9ho krajsk\u00e9ho atletick\u00e9ho svazu konan\u00e9 dne 20. b\u0159ezna 2025.<\/p>\n\n\n\n<div class=\"wp-block-columns is-layout-flex wp-container-core-columns-layout-1 wp-block-columns-is-layout-flex\">\n<div class=\"wp-block-column is-layout-flow wp-block-column-is-layout-flow\"><div class=\"wp-block-image\">\n<figure class=\"aligncenter size-large is-resized\"><img loading=\"lazy\" decoding=\"async\" width=\"1024\" height=\"682\" src=\"http:\/\/pkas.cz\/wp-content\/uploads\/2025\/04\/vh-listek-1024x682.webp\" alt=\"\" class=\"wp-image-5271\" style=\"width:333px;height:auto\" srcset=\"http:\/\/pkas.cz\/wp-content\/uploads\/2025\/04\/vh-listek-1024x682.webp 1024w, http:\/\/pkas.cz\/wp-content\/uploads\/2025\/04\/vh-listek-300x200.webp 300w, http:\/\/pkas.cz\/wp-content\/uploads\/2025\/04\/vh-listek-768x512.webp 768w, http:\/\/pkas.cz\/wp-content\/uploads\/2025\/04\/vh-listek-1536x1024.webp 1536w, http:\/\/pkas.cz\/wp-content\/uploads\/2025\/04\/vh-listek.webp 2000w\" sizes=\"(max-width: 1024px) 100vw, 1024px\" \/><\/figure><\/div><\/div>\n\n\n\n<div class=\"wp-block-column is-layout-flow wp-block-column-is-layout-flow\">\n<p style=\"font-size:14px\">Slo\u017een\u00ed p\u0159edsednictva \u010cAS na n\u00e1sleduj\u00edc\u00ed 4let\u00e9 funk\u010dn\u00ed obdob\u00ed:<br>PaedDr. Libor Varhan\u00edk &#8211; p\u0159edseda \u010cAS<br>RNDr. Drahoslav Do\u010dkal &#8211; m\u00edstop\u0159edseda \u010cAS<br>Ing. Barbora \u0160pot\u00e1kov\u00e1 &#8211; m\u00edstop\u0159edsedkyn\u011b \u010cAS<br>RNDr. Ladislav K\u0148\u00e1kal &#8211; p\u0159edseda organiza\u010dn\u00ed komise \u010cAS<br>Ing. Ond\u0159ej Veverka &#8211; p\u0159edseda sout\u011b\u017en\u00ed komise \u010cAS<br>RNDr. Ludmila Pudilov\u00e1 &#8211; p\u0159edsedkyn\u011b komise rozhod\u010d\u00edch \u010cAS<br>PhDr. Jana Sob\u010d\u00edkov\u00e1 &#8211; p\u0159edsedkyn\u011b komise ml\u00e1de\u017ee \u010cAS<br>Ing. Ji\u0159\u00ed Topinka &#8211; p\u0159edseda ekonomick\u00e9 komise \u010cAS<br>Mgr. Jan Feher &#8211; p\u0159edseda metodick\u00e9 komise \u010cAS<\/p>\n<\/div>\n<\/div>\n\n\n\n<p>Voleni byli tak\u00e9 \u010dlenov\u00e9 Dozor\u010d\u00ed rady \u010cesk\u00e9ho atletick\u00e9ho svazu, ve kter\u00e9 bude m\u00edt z\u00e1pado\u010desk\u00e1 atletika zastoupen\u00ed v Ing. Iv\u011b Rochov\u00e9, krajsk\u00e9 hospod\u00e1\u0159ce a \u010dlence v\u00fdkonn\u00e9ho v\u00fdboru PKAS.<\/p>\n\n\n\n<div class=\"wp-block-columns is-layout-flex wp-container-core-columns-layout-2 wp-block-columns-is-layout-flex\">\n<div class=\"wp-block-column is-layout-flow wp-block-column-is-layout-flow\">\n<p>Na programu valn\u00e9 hromady bylo tak\u00e9 p\u0159ed\u00e1n\u00ed ocen\u011bn\u00ed za dlouholetou pr\u00e1ci v atletice a pro atletiku. Z rukou p\u0159edsedy \u010cesk\u00e9ho atletick\u00e9ho svazu Dr. Libora Varhan\u00edka p\u0159evzal titul \u010cestn\u00fd \u010dlen \u010cAS dlouholet\u00fd p\u0159edseda Plze\u0148sk\u00e9ho krajsk\u00e9ho atletick\u00e9ho svazu pan <strong>Petr Konop<\/strong>.<\/p>\n\n\n\n<p>Foto: \u010cAS &#8211; Jan Houska<\/p>\n<\/div>\n\n\n\n<div class=\"wp-block-column is-layout-flow wp-block-column-is-layout-flow\"><div class=\"wp-block-image\">\n<figure class=\"aligncenter size-large is-resized\"><img loading=\"lazy\" decoding=\"async\" width=\"1024\" height=\"682\" src=\"http:\/\/pkas.cz\/wp-content\/uploads\/2025\/04\/vh-konop-1024x682.webp\" alt=\"\" class=\"wp-image-5270\" style=\"width:407px;height:auto\" srcset=\"http:\/\/pkas.cz\/wp-content\/uploads\/2025\/04\/vh-konop-1024x682.webp 1024w, http:\/\/pkas.cz\/wp-content\/uploads\/2025\/04\/vh-konop-300x200.webp 300w, http:\/\/pkas.cz\/wp-content\/uploads\/2025\/04\/vh-konop-768x512.webp 768w, http:\/\/pkas.cz\/wp-content\/uploads\/2025\/04\/vh-konop-1536x1024.webp 1536w, http:\/\/pkas.cz\/wp-content\/uploads\/2025\/04\/vh-konop.webp 2000w\" sizes=\"(max-width: 1024px) 100vw, 1024px\" \/><\/figure><\/div><\/div>\n<\/div>\n","protected":false},"excerpt":{"rendered":"<p>V sobotu 26. dubna 2025 se v Nymburku konala Valn\u00e1 hromada \u010cesk\u00e9ho atletick\u00e9ho svazu, na kter\u00e9 prob\u011bhly volby do p\u0159edsednictva nejvy\u0161\u0161\u00edho tuzemsk\u00e9ho svazu atletiky. Za&hellip;<\/p>\n","protected":false},"author":4,"featured_media":5270,"comment_status":"closed","ping_status":"closed","sticky":false,"template":"","format":"standard","meta":{"footnotes":""},"categories":[3],"tags":[],"jetpack_sharing_enabled":true,"jetpack_featured_media_url":"http:\/\/pkas.cz\/wp-content\/uploads\/2025\/04\/vh-konop.webp","_links":{"self":[{"href":"http:\/\/pkas.cz\/index.php?rest_route=\/wp\/v2\/posts\/5261"}],"collection":[{"href":"http:\/\/pkas.cz\/index.php?rest_route=\/wp\/v2\/posts"}],"about":[{"href":"http:\/\/pkas.cz\/index.php?rest_route=\/wp\/v2\/types\/post"}],"author":[{"embeddable":true,"href":"http:\/\/pkas.cz\/index.php?rest_route=\/wp\/v2\/users\/4"}],"replies":[{"embeddable":true,"href":"http:\/\/pkas.cz\/index.php?rest_route=%2Fwp%2Fv2%2Fcomments&post=5261"}],"version-history":[{"count":14,"href":"http:\/\/pkas.cz\/index.php?rest_route=\/wp\/v2\/posts\/5261\/revisions"}],"predecessor-version":[{"id":5278,"href":"http:\/\/pkas.cz\/index.php?rest_route=\/wp\/v2\/posts\/5261\/revisions\/5278"}],"wp:featuredmedia":[{"embeddable":true,"href":"http:\/\/pkas.cz\/index.php?rest_route=\/wp\/v2\/media\/5270"}],"wp:attachment":[{"href":"http:\/\/pkas.cz\/index.php?rest_route=%2Fwp%2Fv2%2Fmedia&parent=5261"}],"wp:term":[{"taxonomy":"category","embeddable":true,"href":"http:\/\/pkas.cz\/index.php?rest_route=%2Fwp%2Fv2%2Fcategories&post=5261"},{"taxonomy":"post_tag","embeddable":true,"href":"http:\/\/pkas.cz\/index.php?rest_route=%2Fwp%2Fv2%2Ftags&post=5261"}],"curies":[{"name":"wp","href":"https:\/\/api.w.org\/{rel}","templated":true}]}}