{"id":5241,"date":"2025-04-21T10:08:38","date_gmt":"2025-04-21T08:08:38","guid":{"rendered":"http:\/\/pkas.cz\/?p=5241"},"modified":"2025-04-21T10:11:44","modified_gmt":"2025-04-21T08:11:44","slug":"narodni-sampionaty-v-chuzi-a-pulmaratonu","status":"publish","type":"post","link":"http:\/\/pkas.cz\/?p=5241","title":{"rendered":"N\u00e1rodn\u00ed \u0161ampion\u00e1ty v ch\u016fzi a v p\u016flmaratonu p\u0159inesly t\u0159i cenn\u00e9 kovy"},"content":{"rendered":"\n<div class=\"wp-block-columns is-layout-flex wp-container-core-columns-layout-1 wp-block-columns-is-layout-flex\">\n<div class=\"wp-block-column is-layout-flow wp-block-column-is-layout-flow\"><div class=\"wp-block-image\">\n<figure class=\"aligncenter size-full is-resized\"><img loading=\"lazy\" decoding=\"async\" width=\"528\" height=\"396\" src=\"http:\/\/pkas.cz\/wp-content\/uploads\/2025\/04\/moravek-edited.webp\" alt=\"\" class=\"wp-image-5243\" style=\"width:328px;height:auto\" srcset=\"http:\/\/pkas.cz\/wp-content\/uploads\/2025\/04\/moravek-edited.webp 528w, http:\/\/pkas.cz\/wp-content\/uploads\/2025\/04\/moravek-edited-300x225.webp 300w\" sizes=\"(max-width: 528px) 100vw, 528px\" \/><\/figure><\/div><\/div>\n\n\n\n<div class=\"wp-block-column is-layout-flow wp-block-column-is-layout-flow\">\n<p>Dva v\u00edkendy po sob\u011b prob\u011bhly hned dv\u011b mistrovstv\u00ed \u010cesk\u00e9 republiky. V sobotu 12. 4. se v Olomouci konalo Mistrovstv\u00ed \u010cesk\u00e9 republiky v ch\u016fzi na 20 km mu\u017e\u016f a \u017een, na kter\u00e9m se p\u0159edstavila hned trojice z\u00e1vodn\u00edk\u016f z AK \u0160KODY Plze\u0148. Mezi mu\u017ei se st\u0159\u00edbrnou medail\u00ed bl\u00fdskl <strong>Jarom\u00edr Mor\u00e1vek<\/strong>, kter\u00fd zapsal \u010das 1:25.54 hod. Stejn\u011b cenn\u00fd kov vybojovala tak\u00e9 <strong>Michaela Bakl\u00edkov\u00e1<\/strong>, kter\u00e1 pro\u0165ala c\u00edlovou p\u00e1sku v \u010dase 1:52.13 hod. T\u011bsn\u011b pod stupni v\u00edt\u011bz\u016f pak skon\u010dila <strong>Nelly Bug\u00e1rov\u00e1<\/strong> v \u010dase 2:14.53 hod.<\/p>\n<\/div>\n<\/div>\n\n\n\n<div class=\"wp-block-columns is-layout-flex wp-container-core-columns-layout-2 wp-block-columns-is-layout-flex\">\n<div class=\"wp-block-column is-layout-flow wp-block-column-is-layout-flow\">\n<p>Sobota 19. 4. pak pat\u0159ila n\u00e1rodn\u00edmu \u0161ampion\u00e1tu v p\u016flmaratonu, kter\u00fd se uskute\u010dnil v Pardubic\u00edch v r\u00e1mci Pardubick\u00e9ho vina\u0159sk\u00e9ho p\u016flmaratonu. Z\u00e1pado\u010desk\u00e1 atletika m\u011bla na startu <strong>Patrika Vebra<\/strong> (AK \u0160KODA Plze\u0148). Ten potvrdil roli favorita a poprv\u00e9 v kari\u00e9\u0159e vybojoval mistrovsk\u00fd titul a cenn\u00fd kov na t\u00e9to trati, kdy\u017e fini\u0161oval s v\u00edce ne\u017e p\u016flminutov\u00fdm n\u00e1skokem v \u010dase 1:05.51 hod.<\/p>\n\n\n\n<p>Op\u011bt p\u0159id\u00e1v\u00e1me odkazy na kompletn\u00ed v\u00fdsledky: <br><a href=\"https:\/\/online.atletika.cz\/vysledky\/78233\" target=\"_blank\" rel=\"noreferrer noopener\">M\u010cR v ch\u016fzi<\/a>, <a href=\"https:\/\/online.atletika.cz\/vysledky\/78237\" target=\"_blank\" rel=\"noreferrer noopener\">M\u010cR v p\u016flmaratonu<\/a><\/p>\n\n\n\n<p>Foto: \u010cAS &#8211; Jan Houska<\/p>\n<\/div>\n\n\n\n<div class=\"wp-block-column is-layout-flow wp-block-column-is-layout-flow\"><div class=\"wp-block-image\">\n<figure class=\"aligncenter size-large is-resized\"><img loading=\"lazy\" decoding=\"async\" width=\"1024\" height=\"682\" src=\"http:\/\/pkas.cz\/wp-content\/uploads\/2025\/04\/vebr-n.2-1024x682.webp\" alt=\"\" class=\"wp-image-5244\" style=\"width:394px;height:auto\" srcset=\"http:\/\/pkas.cz\/wp-content\/uploads\/2025\/04\/vebr-n.2-1024x682.webp 1024w, http:\/\/pkas.cz\/wp-content\/uploads\/2025\/04\/vebr-n.2-300x200.webp 300w, http:\/\/pkas.cz\/wp-content\/uploads\/2025\/04\/vebr-n.2-768x512.webp 768w, http:\/\/pkas.cz\/wp-content\/uploads\/2025\/04\/vebr-n.2-1536x1024.webp 1536w, http:\/\/pkas.cz\/wp-content\/uploads\/2025\/04\/vebr-n.2.webp 2000w\" sizes=\"(max-width: 1024px) 100vw, 1024px\" \/><\/figure><\/div><\/div>\n<\/div>\n","protected":false},"excerpt":{"rendered":"<p>Dva v\u00edkendy po sob\u011b prob\u011bhly hned dv\u011b mistrovstv\u00ed \u010cesk\u00e9 republiky. V sobotu 12. 4. se v Olomouci konalo Mistrovstv\u00ed \u010cesk\u00e9 republiky v ch\u016fzi na 20&hellip;<\/p>\n","protected":false},"author":4,"featured_media":5245,"comment_status":"closed","ping_status":"closed","sticky":false,"template":"","format":"standard","meta":{"footnotes":""},"categories":[1],"tags":[],"jetpack_sharing_enabled":true,"jetpack_featured_media_url":"http:\/\/pkas.cz\/wp-content\/uploads\/2025\/04\/vebr-titulovka.webp","_links":{"self":[{"href":"http:\/\/pkas.cz\/index.php?rest_route=\/wp\/v2\/posts\/5241"}],"collection":[{"href":"http:\/\/pkas.cz\/index.php?rest_route=\/wp\/v2\/posts"}],"about":[{"href":"http:\/\/pkas.cz\/index.php?rest_route=\/wp\/v2\/types\/post"}],"author":[{"embeddable":true,"href":"http:\/\/pkas.cz\/index.php?rest_route=\/wp\/v2\/users\/4"}],"replies":[{"embeddable":true,"href":"http:\/\/pkas.cz\/index.php?rest_route=%2Fwp%2Fv2%2Fcomments&post=5241"}],"version-history":[{"count":6,"href":"http:\/\/pkas.cz\/index.php?rest_route=\/wp\/v2\/posts\/5241\/revisions"}],"predecessor-version":[{"id":5251,"href":"http:\/\/pkas.cz\/index.php?rest_route=\/wp\/v2\/posts\/5241\/revisions\/5251"}],"wp:featuredmedia":[{"embeddable":true,"href":"http:\/\/pkas.cz\/index.php?rest_route=\/wp\/v2\/media\/5245"}],"wp:attachment":[{"href":"http:\/\/pkas.cz\/index.php?rest_route=%2Fwp%2Fv2%2Fmedia&parent=5241"}],"wp:term":[{"taxonomy":"category","embeddable":true,"href":"http:\/\/pkas.cz\/index.php?rest_route=%2Fwp%2Fv2%2Fcategories&post=5241"},{"taxonomy":"post_tag","embeddable":true,"href":"http:\/\/pkas.cz\/index.php?rest_route=%2Fwp%2Fv2%2Ftags&post=5241"}],"curies":[{"name":"wp","href":"https:\/\/api.w.org\/{rel}","templated":true}]}}