{"id":5234,"date":"2025-04-16T15:34:22","date_gmt":"2025-04-16T13:34:22","guid":{"rendered":"http:\/\/pkas.cz\/?p=5234"},"modified":"2025-04-16T15:36:26","modified_gmt":"2025-04-16T13:36:26","slug":"hrochova-devatou-maratonkyni-evropy","status":"publish","type":"post","link":"http:\/\/pkas.cz\/?p=5234","title":{"rendered":"Hrochov\u00e1 dev\u00e1tou maratonkyn\u00ed Evropy"},"content":{"rendered":"<div class=\"wp-block-image\">\n<figure class=\"aligncenter size-large is-resized\"><img loading=\"lazy\" decoding=\"async\" width=\"821\" height=\"1024\" src=\"http:\/\/pkas.cz\/wp-content\/uploads\/2025\/04\/IMG_2212-821x1024.jpg\" alt=\"\" class=\"wp-image-5236\" style=\"width:241px;height:auto\" srcset=\"http:\/\/pkas.cz\/wp-content\/uploads\/2025\/04\/IMG_2212-821x1024.jpg 821w, http:\/\/pkas.cz\/wp-content\/uploads\/2025\/04\/IMG_2212-241x300.jpg 241w, http:\/\/pkas.cz\/wp-content\/uploads\/2025\/04\/IMG_2212-768x958.jpg 768w, http:\/\/pkas.cz\/wp-content\/uploads\/2025\/04\/IMG_2212-1232x1536.jpg 1232w, http:\/\/pkas.cz\/wp-content\/uploads\/2025\/04\/IMG_2212.jpg 1440w\" sizes=\"(max-width: 821px) 100vw, 821px\" \/><figcaption class=\"wp-element-caption\">   <\/figcaption><\/figure><\/div>\n\n\n<p>V\u00edkend 12. a 13. dubna pat\u0159il prvn\u00edmu ro\u010dn\u00edku evropsk\u00e9ho \u0161ampion\u00e1tu v silni\u010dn\u00edch b\u011bz\u00edch, kter\u00fd se konal v belgick\u00e9m Bruselu a Leuvenu. V r\u00e1mci n\u011bj bylo za\u0159azeno mistrovstv\u00ed Evropy v b\u011bhu na 10 km, p\u016flmaraton a maraton. Mezi \u010dty\u0159mi nominovan\u00fdmi \u010desk\u00fdmi atlety byla tak\u00e9 z\u00e1vodnice AK \u0160KODY Plze\u0148 Tereza Hrochov\u00e1, kter\u00e1 dokon\u010dila z\u00e1vod na nejdel\u0161\u00ed distanci v prvn\u00ed des\u00edtce.<\/p>\n\n\n<div class=\"wp-block-image\">\n<figure class=\"alignleft size-large is-resized\"><img loading=\"lazy\" decoding=\"async\" width=\"820\" height=\"1024\" src=\"http:\/\/pkas.cz\/wp-content\/uploads\/2025\/04\/IMG_2211-820x1024.jpg\" alt=\"\" class=\"wp-image-5235\" style=\"width:247px;height:auto\" srcset=\"http:\/\/pkas.cz\/wp-content\/uploads\/2025\/04\/IMG_2211-820x1024.jpg 820w, http:\/\/pkas.cz\/wp-content\/uploads\/2025\/04\/IMG_2211-240x300.jpg 240w, http:\/\/pkas.cz\/wp-content\/uploads\/2025\/04\/IMG_2211-768x959.jpg 768w, http:\/\/pkas.cz\/wp-content\/uploads\/2025\/04\/IMG_2211-1229x1536.jpg 1229w, http:\/\/pkas.cz\/wp-content\/uploads\/2025\/04\/IMG_2211.jpg 1440w\" sizes=\"(max-width: 820px) 100vw, 820px\" \/><figcaption class=\"wp-element-caption\">   <\/figcaption><\/figure><\/div>\n\n\n<p>A\u010dkoliv bylo v Belgii upr\u0161en\u00e9 po\u010das\u00ed, k vid\u011bn\u00ed byly zaj\u00edmav\u00e9 souboje. Nap\u00ednav\u00e9 bylo tak\u00e9 sledovat Terezu Hrochovou, kter\u00e1 se dr\u017eela \u010deln\u00ed skupinky z\u00e1vodnic, v pr\u016fb\u011bhu maratonsk\u00e9ho z\u00e1vodu se ale <em>propadla<\/em> na 11. p\u0159\u00ed\u010dku. Sv\u011b\u0159enkyn\u011b Vladim\u00edra Bart\u016f\u0148ka ale m\u00e1lokdy z\u00e1vod vzd\u00e1, a tak Tereza nakonec dok\u00e1zala prob\u011bhnout c\u00edlovou p\u00e1skou v \u010dase 2:32.15 hod, co\u017e znamenalo dev\u00e1t\u00e9 m\u00edsto a nejlep\u0161\u00ed v\u00fdsledek \u010desk\u00e9 v\u00fdpravy v r\u00e1mci tohoto \u0161ampion\u00e1tu.<\/p>\n\n\n\n<p>Na kompletn\u00ed v\u00fdsledky se m\u016f\u017eete pod\u00edvat na <a href=\"https:\/\/www.european-athletics.com\/home\/results\/7203673\" target=\"_blank\" rel=\"noreferrer noopener\">tomto odkazu<\/a>.<\/p>\n\n\n\n<p>Foto: \u010cAS &#8211; So\u0148a Mal\u00e9terov\u00e1<\/p>\n","protected":false},"excerpt":{"rendered":"<p>V\u00edkend 12. a 13. dubna pat\u0159il prvn\u00edmu ro\u010dn\u00edku evropsk\u00e9ho \u0161ampion\u00e1tu v silni\u010dn\u00edch b\u011bz\u00edch, kter\u00fd se konal v belgick\u00e9m Bruselu a Leuvenu. V r\u00e1mci n\u011bj bylo&hellip;<\/p>\n","protected":false},"author":4,"featured_media":5237,"comment_status":"closed","ping_status":"closed","sticky":false,"template":"","format":"standard","meta":{"footnotes":""},"categories":[1],"tags":[],"jetpack_sharing_enabled":true,"jetpack_featured_media_url":"http:\/\/pkas.cz\/wp-content\/uploads\/2025\/04\/IMG_2212-1.jpg","_links":{"self":[{"href":"http:\/\/pkas.cz\/index.php?rest_route=\/wp\/v2\/posts\/5234"}],"collection":[{"href":"http:\/\/pkas.cz\/index.php?rest_route=\/wp\/v2\/posts"}],"about":[{"href":"http:\/\/pkas.cz\/index.php?rest_route=\/wp\/v2\/types\/post"}],"author":[{"embeddable":true,"href":"http:\/\/pkas.cz\/index.php?rest_route=\/wp\/v2\/users\/4"}],"replies":[{"embeddable":true,"href":"http:\/\/pkas.cz\/index.php?rest_route=%2Fwp%2Fv2%2Fcomments&post=5234"}],"version-history":[{"count":3,"href":"http:\/\/pkas.cz\/index.php?rest_route=\/wp\/v2\/posts\/5234\/revisions"}],"predecessor-version":[{"id":5240,"href":"http:\/\/pkas.cz\/index.php?rest_route=\/wp\/v2\/posts\/5234\/revisions\/5240"}],"wp:featuredmedia":[{"embeddable":true,"href":"http:\/\/pkas.cz\/index.php?rest_route=\/wp\/v2\/media\/5237"}],"wp:attachment":[{"href":"http:\/\/pkas.cz\/index.php?rest_route=%2Fwp%2Fv2%2Fmedia&parent=5234"}],"wp:term":[{"taxonomy":"category","embeddable":true,"href":"http:\/\/pkas.cz\/index.php?rest_route=%2Fwp%2Fv2%2Fcategories&post=5234"},{"taxonomy":"post_tag","embeddable":true,"href":"http:\/\/pkas.cz\/index.php?rest_route=%2Fwp%2Fv2%2Ftags&post=5234"}],"curies":[{"name":"wp","href":"https:\/\/api.w.org\/{rel}","templated":true}]}}