{"id":5214,"date":"2025-04-13T10:54:21","date_gmt":"2025-04-13T08:54:21","guid":{"rendered":"http:\/\/pkas.cz\/?p=5214"},"modified":"2025-04-13T11:37:08","modified_gmt":"2025-04-13T09:37:08","slug":"hanakova-a-brizova-oceneny-na-sportovci-plzne-2024","status":"publish","type":"post","link":"http:\/\/pkas.cz\/?p=5214","title":{"rendered":"Han\u00e1kov\u00e1 a B\u0159\u00edzov\u00e1 ocen\u011bny na Sportovci Plzn\u011b 2024"},"content":{"rendered":"\n<div class=\"wp-block-columns is-layout-flex wp-container-core-columns-layout-1 wp-block-columns-is-layout-flex\">\n<div class=\"wp-block-column is-layout-flow wp-block-column-is-layout-flow\" style=\"flex-basis:33.33%\"><div class=\"wp-block-image\">\n<figure class=\"aligncenter size-large is-resized\"><img loading=\"lazy\" decoding=\"async\" width=\"683\" height=\"1024\" src=\"http:\/\/pkas.cz\/wp-content\/uploads\/2025\/04\/IMG_2191-683x1024.jpg\" alt=\"\" class=\"wp-image-5216\" style=\"width:242px;height:auto\" srcset=\"http:\/\/pkas.cz\/wp-content\/uploads\/2025\/04\/IMG_2191-683x1024.jpg 683w, http:\/\/pkas.cz\/wp-content\/uploads\/2025\/04\/IMG_2191-200x300.jpg 200w, http:\/\/pkas.cz\/wp-content\/uploads\/2025\/04\/IMG_2191-768x1152.jpg 768w, http:\/\/pkas.cz\/wp-content\/uploads\/2025\/04\/IMG_2191-1024x1536.jpg 1024w, http:\/\/pkas.cz\/wp-content\/uploads\/2025\/04\/IMG_2191.jpg 1365w\" sizes=\"(max-width: 683px) 100vw, 683px\" \/><\/figure><\/div><\/div>\n\n\n\n<div class=\"wp-block-column is-layout-flow wp-block-column-is-layout-flow\" style=\"flex-basis:66.66%\">\n<p>V \u00fater\u00fd 8. dubna do\u0161lo v ob\u0159adn\u00ed s\u00edni plze\u0148sk\u00e9 radnice k vyhl\u00e1\u0161en\u00ed presti\u017en\u00ed ankety Sportovec Plzn\u011b 2024. Ocen\u011bn\u00ed za sportovn\u00ed v\u00fdkony a reprezentaci z\u00e1pado\u010desk\u00e9 metropole se ud\u011bluj\u00ed v kategori\u00edch mlad\u0161\u00edho a star\u0161\u00edho \u017eactva a dorostu. Slavnostn\u00ed ceremoni\u00e1l p\u0159ipravila pod z\u00e1\u0161titou Romana Zarzyck\u00e9ho, plze\u0148sk\u00e9ho prim\u00e1tora, Nadace sportuj\u00edc\u00ed ml\u00e1de\u017ee.<\/p>\n\n\n\n<p>Kategorii star\u0161\u00edho \u017eactva ovl\u00e1dla <strong>Veronika B\u0159\u00edzov\u00e1<\/strong> (AK \u0160KODA Plze\u0148). V sez\u00f3n\u011b 2024 se t\u0159ikr\u00e1t stala mistryn\u00ed \u010cesk\u00e9 republiky (3 000 m v hale, 3 000 m na dr\u00e1ze, p\u0159espoln\u00ed b\u011bh) a na mezist\u00e1tn\u00edm utk\u00e1n\u00ed vybojovala t\u0159et\u00ed p\u0159\u00ed\u010dku. Sv\u011b\u0159enkyn\u011b Vlastimila \u0160roubka tak\u00e9 stanovila novou hodnotu \u017e\u00e1kovsk\u00e9ho n\u00e1rodn\u00edho rekordu na 3 000 m na 9:43.72 min. Posunula tak\u00e9 krajsk\u00e9 rekordy na 1 500 m (4:39.02 min) a 1 500 m p\u0159ek\u00e1\u017eek (5:08.35 min). V kategori\u00edch dru\u017estev byl mezi p\u011bti oce\u0148ovan\u00fdmi dru\u017estvy dorosteneck\u00e9 kategorie <strong>t\u00fdm dorostenc\u016f z AK \u0160KODY Plze\u0148<\/strong>.<\/p>\n<\/div>\n<\/div>\n\n\n\n<div class=\"wp-block-columns is-layout-flex wp-container-core-columns-layout-3 wp-block-columns-is-layout-flex\">\n<div class=\"wp-block-column is-layout-flow wp-block-column-is-layout-flow\" style=\"flex-basis:100%\">\n<div class=\"wp-block-group is-layout-constrained wp-block-group-is-layout-constrained\"><div class=\"wp-block-group__inner-container\">\n<div class=\"wp-block-columns is-layout-flex wp-container-core-columns-layout-2 wp-block-columns-is-layout-flex\">\n<div class=\"wp-block-column is-layout-flow wp-block-column-is-layout-flow\" style=\"flex-basis:66.66%\">\n<p>V r\u00e1mci ankety Sportovec Plzn\u011b 2024 byla ji\u017e tradi\u010dn\u011b vyhla\u0161ov\u00e1na tak\u00e9 speci\u00e1ln\u00ed Cena rektora Z\u00e1pado\u010desk\u00e9 univerzity v Plzni. Za sklouben\u00ed sportovn\u00edch a studijn\u00edch v\u00fdsledk\u016f byla ocen\u011bna atletka <strong>Ad\u00e9la Han\u00e1kov\u00e1<\/strong> (AK \u0160KODA Plze\u0148), kter\u00e1 studuje na Gymn\u00e1ziu, Plze\u0148, Mikul\u00e1\u0161sk\u00e9 n\u00e1m\u011bst\u00ed. Sv\u011b\u0159enkyn\u011b Ji\u0159\u00edho Kadly p\u0159evzala cenu z rukou prorektora pro tv\u016fr\u010d\u00ed \u010dinnosti a doktorsk\u00e9 studium Ji\u0159\u00edho Hammerbauera. Han\u00e1kov\u00e1 v uplynul\u00e9 sez\u00f3n\u011b vybojovala bronzov\u00e9 medaile ve skoku o ty\u010di jak na n\u00e1rodn\u00edm \u0161ampion\u00e1tu v hale, tak pod otev\u0159en\u00fdm nebem, a st\u0159\u00edbrn\u00fd cenn\u00fd kov na M\u010cR ve v\u00edceboji juniorek. Vrcholem pak byla \u00fa\u010dast na Mistrovstv\u00ed sv\u011bta junior\u016f v persk\u00e9 Lim\u011b, kde dokon\u010dila sedmiboj na \u010dtrn\u00e1ct\u00e9m m\u00edst\u011b. Povedlo se j\u00ed tak\u00e9 posunout juniorsk\u00fd krajsk\u00fd rekord ve skoku vysok\u00e9m (179 cm).<\/p>\n\n\n\n<p>Na kompletn\u00ed v\u00fdsledky ankety Sportovec Plzn\u011b 2024 se m\u016f\u017eete pod\u00edvat na <a href=\"https:\/\/s3.eu-central-1.amazonaws.com\/tf-prod-plzen\/data\/folders\/7n2ajv0f9q\/2zfowxsxum\/stbyvl0rgq\/d2zm2opyd5\/wtusjca489\/236zlryhjm\/tz_250408_sportovec_plzne_2024_zactvo-dorost-002-.pdf\" target=\"_blank\" rel=\"noreferrer noopener\">tomto odkazu<\/a>.<br>Foto: Nadace sportuj\u00edc\u00ed ml\u00e1de\u017ee<\/p>\n<\/div>\n\n\n\n<div class=\"wp-block-column is-layout-flow wp-block-column-is-layout-flow\" style=\"flex-basis:33.33%\"><div class=\"wp-block-image\">\n<figure class=\"aligncenter size-large is-resized\"><img loading=\"lazy\" decoding=\"async\" width=\"683\" height=\"1024\" src=\"http:\/\/pkas.cz\/wp-content\/uploads\/2025\/04\/IMG_2193-683x1024.jpg\" alt=\"\" class=\"wp-image-5218\" style=\"width:228px;height:auto\" srcset=\"http:\/\/pkas.cz\/wp-content\/uploads\/2025\/04\/IMG_2193-683x1024.jpg 683w, http:\/\/pkas.cz\/wp-content\/uploads\/2025\/04\/IMG_2193-200x300.jpg 200w, http:\/\/pkas.cz\/wp-content\/uploads\/2025\/04\/IMG_2193-768x1152.jpg 768w, http:\/\/pkas.cz\/wp-content\/uploads\/2025\/04\/IMG_2193-1024x1536.jpg 1024w, http:\/\/pkas.cz\/wp-content\/uploads\/2025\/04\/IMG_2193.jpg 1365w\" sizes=\"(max-width: 683px) 100vw, 683px\" \/><\/figure><\/div><\/div>\n<\/div>\n<\/div><\/div>\n<\/div>\n<\/div>\n\n\n\n<div class=\"wp-block-columns is-layout-flex wp-container-core-columns-layout-4 wp-block-columns-is-layout-flex\">\n<div class=\"wp-block-column is-layout-flow wp-block-column-is-layout-flow\"><div class=\"wp-block-image\">\n<figure class=\"aligncenter size-large is-resized\"><img loading=\"lazy\" decoding=\"async\" width=\"1024\" height=\"683\" src=\"http:\/\/pkas.cz\/wp-content\/uploads\/2025\/04\/IMG_2194-1024x683.jpg\" alt=\"\" class=\"wp-image-5219\" style=\"width:429px;height:auto\" srcset=\"http:\/\/pkas.cz\/wp-content\/uploads\/2025\/04\/IMG_2194-1024x683.jpg 1024w, http:\/\/pkas.cz\/wp-content\/uploads\/2025\/04\/IMG_2194-300x200.jpg 300w, http:\/\/pkas.cz\/wp-content\/uploads\/2025\/04\/IMG_2194-768x512.jpg 768w, http:\/\/pkas.cz\/wp-content\/uploads\/2025\/04\/IMG_2194-1536x1024.jpg 1536w, http:\/\/pkas.cz\/wp-content\/uploads\/2025\/04\/IMG_2194.jpg 2048w\" sizes=\"(max-width: 1024px) 100vw, 1024px\" \/><\/figure><\/div><\/div>\n<\/div>\n","protected":false},"excerpt":{"rendered":"<p>V \u00fater\u00fd 8. dubna do\u0161lo v ob\u0159adn\u00ed s\u00edni plze\u0148sk\u00e9 radnice k vyhl\u00e1\u0161en\u00ed presti\u017en\u00ed ankety Sportovec Plzn\u011b 2024. Ocen\u011bn\u00ed za sportovn\u00ed v\u00fdkony a reprezentaci z\u00e1pado\u010desk\u00e9 metropole&hellip;<\/p>\n","protected":false},"author":4,"featured_media":5224,"comment_status":"closed","ping_status":"closed","sticky":false,"template":"","format":"standard","meta":{"footnotes":""},"categories":[1],"tags":[],"jetpack_sharing_enabled":true,"jetpack_featured_media_url":"http:\/\/pkas.cz\/wp-content\/uploads\/2025\/04\/IMG_2192.jpg","_links":{"self":[{"href":"http:\/\/pkas.cz\/index.php?rest_route=\/wp\/v2\/posts\/5214"}],"collection":[{"href":"http:\/\/pkas.cz\/index.php?rest_route=\/wp\/v2\/posts"}],"about":[{"href":"http:\/\/pkas.cz\/index.php?rest_route=\/wp\/v2\/types\/post"}],"author":[{"embeddable":true,"href":"http:\/\/pkas.cz\/index.php?rest_route=\/wp\/v2\/users\/4"}],"replies":[{"embeddable":true,"href":"http:\/\/pkas.cz\/index.php?rest_route=%2Fwp%2Fv2%2Fcomments&post=5214"}],"version-history":[{"count":13,"href":"http:\/\/pkas.cz\/index.php?rest_route=\/wp\/v2\/posts\/5214\/revisions"}],"predecessor-version":[{"id":5233,"href":"http:\/\/pkas.cz\/index.php?rest_route=\/wp\/v2\/posts\/5214\/revisions\/5233"}],"wp:featuredmedia":[{"embeddable":true,"href":"http:\/\/pkas.cz\/index.php?rest_route=\/wp\/v2\/media\/5224"}],"wp:attachment":[{"href":"http:\/\/pkas.cz\/index.php?rest_route=%2Fwp%2Fv2%2Fmedia&parent=5214"}],"wp:term":[{"taxonomy":"category","embeddable":true,"href":"http:\/\/pkas.cz\/index.php?rest_route=%2Fwp%2Fv2%2Fcategories&post=5214"},{"taxonomy":"post_tag","embeddable":true,"href":"http:\/\/pkas.cz\/index.php?rest_route=%2Fwp%2Fv2%2Ftags&post=5214"}],"curies":[{"name":"wp","href":"https:\/\/api.w.org\/{rel}","templated":true}]}}