{"id":5112,"date":"2025-04-02T11:35:55","date_gmt":"2025-04-02T09:35:55","guid":{"rendered":"http:\/\/pkas.cz\/?p=5112"},"modified":"2025-04-02T11:45:22","modified_gmt":"2025-04-02T09:45:22","slug":"zlato-a-stribro-z-chodeckeho-mcr-hrochova-nominovana-na-me","status":"publish","type":"post","link":"http:\/\/pkas.cz\/?p=5112","title":{"rendered":"Zlato a st\u0159\u00edbro z chodeck\u00e9ho M\u010cR, Hrochov\u00e1 nominov\u00e1na na ME"},"content":{"rendered":"<div class=\"wp-block-image\">\n<figure class=\"aligncenter size-large is-resized\"><img loading=\"lazy\" decoding=\"async\" width=\"1024\" height=\"683\" src=\"http:\/\/pkas.cz\/wp-content\/uploads\/2025\/04\/bugarova-1024x683.jpg\" alt=\"\" class=\"wp-image-5114\" style=\"width:303px;height:auto\" srcset=\"http:\/\/pkas.cz\/wp-content\/uploads\/2025\/04\/bugarova-1024x683.jpg 1024w, http:\/\/pkas.cz\/wp-content\/uploads\/2025\/04\/bugarova-300x200.jpg 300w, http:\/\/pkas.cz\/wp-content\/uploads\/2025\/04\/bugarova-768x512.jpg 768w, http:\/\/pkas.cz\/wp-content\/uploads\/2025\/04\/bugarova-1536x1025.jpg 1536w, http:\/\/pkas.cz\/wp-content\/uploads\/2025\/04\/bugarova.jpg 2000w\" sizes=\"(max-width: 1024px) 100vw, 1024px\" \/><figcaption class=\"wp-element-caption\">   <\/figcaption><\/figure><\/div>\n\n\n<p>V sobotu 22. b\u0159ezna se uskute\u010dnilo prvn\u00ed mistrovstv\u00ed \u010cesk\u00e9 republiky v r\u00e1mci letn\u00ed sez\u00f3ny. Ve slovensk\u00fdch Dudinc\u00edch se konal chodeck\u00fd zlat\u00fd m\u00edtink WA (World Athletics), jeho\u017e sou\u010d\u00e1st\u00ed byl tak\u00e9 n\u00e1rodn\u00ed \u0161ampion\u00e1t v ch\u016fzi na 35 km. Jako prvn\u00ed \u010desk\u00e1 z\u00e1vodnice dokon\u010dila z\u00e1vod <strong>Nelly Bug\u00e1rov\u00e1<\/strong> (AK \u0160KODA Plze\u0148), kter\u00e1 si osobn\u00edm rekordem 3:19.52 hod do\u0161la pro mistrovsk\u00fd titul. Cenn\u00fdm kovem se bl\u00fdskl tak\u00e9 <strong>Jarom\u00edr Mor\u00e1vek<\/strong> (AK \u0160KODA Plze\u0148). Ten d\u00edky posunut\u00ed sv\u00e9ho osobn\u00edho rekordu o t\u00e9m\u011b\u0159 \u010dtvrt hodiny na 2:36.42 hod vybojoval st\u0159\u00edbrnou medaili a celkov\u00e9 23. m\u00edsto. V mu\u017esk\u00e9m z\u00e1vod\u011b byl poko\u0159en sv\u011btov\u00fd rekord, o nov\u00e9 historick\u00e9 maximum se postaral kanadsk\u00fd chodec Evan Dunfee. Ten vlastn\u00ed sv\u011btov\u00fd z\u00e1pis posunul o sedm vte\u0159in na 2:21.40 hod. Ji\u017e 12. dubna je napl\u00e1nov\u00e1no dal\u0161\u00ed chodeck\u00e9 M\u010cR, a to na silni\u010dn\u00edch 20 km v Olomouci.<\/p>\n\n\n<div class=\"wp-block-image\">\n<figure class=\"aligncenter size-large is-resized\"><img loading=\"lazy\" decoding=\"async\" width=\"1024\" height=\"683\" src=\"http:\/\/pkas.cz\/wp-content\/uploads\/2025\/04\/moravek-1024x683.jpg\" alt=\"\" class=\"wp-image-5115\" style=\"width:355px;height:auto\" srcset=\"http:\/\/pkas.cz\/wp-content\/uploads\/2025\/04\/moravek-1024x683.jpg 1024w, http:\/\/pkas.cz\/wp-content\/uploads\/2025\/04\/moravek-300x200.jpg 300w, http:\/\/pkas.cz\/wp-content\/uploads\/2025\/04\/moravek-768x512.jpg 768w, http:\/\/pkas.cz\/wp-content\/uploads\/2025\/04\/moravek-1536x1025.jpg 1536w, http:\/\/pkas.cz\/wp-content\/uploads\/2025\/04\/moravek.jpg 2000w\" sizes=\"(max-width: 1024px) 100vw, 1024px\" \/><figcaption class=\"wp-element-caption\">   <\/figcaption><\/figure><\/div>\n\n\n<p>V Bruselu a Leuvenu se 12. a 13. dubna uskute\u010dn\u00ed premi\u00e9rov\u00e9 Mistrovstv\u00ed Evropy v silni\u010dn\u00edch b\u011bz\u00edch, kdy jsou na programu z\u00e1vody na 10 km, p\u016flmaraton a maraton. Mezi \u010dty\u0159mi \u010desk\u00fdmi z\u00e1stupci je tak\u00e9 <strong>Tereza Hrochov\u00e1<\/strong> (AK \u0160KODA Plze\u0148), kterou uvid\u00edme na nejdel\u0161\u00ed maratonsk\u00e9 distanci. Tereza bude cht\u00edt potvrdit stoupaj\u00edc\u00ed formu. P\u0159i jej\u00edm leto\u0161n\u00edm prvn\u00edm startu si za\u010d\u00e1tkem \u00fanora v n\u011bmeck\u00e9m Bad F\u00fcssingu vylep\u0161ila osobn\u00ed maximum na silni\u010dn\u00ed des\u00edtce na 32:06 min a na konci b\u0159ezna v \u010cesk\u00fdch Bud\u011bjovic\u00edch zapsala sv\u016fj nejrychlej\u0161\u00ed \u010das na silni\u010dn\u00edch 5 km 17:01 min.<\/p>\n\n\n<div class=\"wp-block-image\">\n<figure class=\"aligncenter size-large is-resized\"><img loading=\"lazy\" decoding=\"async\" width=\"1024\" height=\"683\" src=\"http:\/\/pkas.cz\/wp-content\/uploads\/2025\/04\/hrochova-1024x683.jpg\" alt=\"\" class=\"wp-image-5116\" style=\"width:398px;height:auto\" srcset=\"http:\/\/pkas.cz\/wp-content\/uploads\/2025\/04\/hrochova-1024x683.jpg 1024w, http:\/\/pkas.cz\/wp-content\/uploads\/2025\/04\/hrochova-300x200.jpg 300w, http:\/\/pkas.cz\/wp-content\/uploads\/2025\/04\/hrochova-768x512.jpg 768w, http:\/\/pkas.cz\/wp-content\/uploads\/2025\/04\/hrochova-1536x1024.jpg 1536w, http:\/\/pkas.cz\/wp-content\/uploads\/2025\/04\/hrochova.jpg 1600w\" sizes=\"(max-width: 1024px) 100vw, 1024px\" \/><figcaption class=\"wp-element-caption\">   <\/figcaption><\/figure><\/div>\n\n\n<p>Foto: \u010cAS &#8211; Jan Houska<\/p>\n","protected":false},"excerpt":{"rendered":"<p>V sobotu 22. b\u0159ezna se uskute\u010dnilo prvn\u00ed mistrovstv\u00ed \u010cesk\u00e9 republiky v r\u00e1mci letn\u00ed sez\u00f3ny. Ve slovensk\u00fdch Dudinc\u00edch se konal chodeck\u00fd zlat\u00fd m\u00edtink WA (World Athletics),&hellip;<\/p>\n","protected":false},"author":4,"featured_media":5123,"comment_status":"closed","ping_status":"closed","sticky":false,"template":"","format":"standard","meta":{"footnotes":""},"categories":[1],"tags":[],"jetpack_sharing_enabled":true,"jetpack_featured_media_url":"http:\/\/pkas.cz\/wp-content\/uploads\/2025\/04\/logo-me.png","_links":{"self":[{"href":"http:\/\/pkas.cz\/index.php?rest_route=\/wp\/v2\/posts\/5112"}],"collection":[{"href":"http:\/\/pkas.cz\/index.php?rest_route=\/wp\/v2\/posts"}],"about":[{"href":"http:\/\/pkas.cz\/index.php?rest_route=\/wp\/v2\/types\/post"}],"author":[{"embeddable":true,"href":"http:\/\/pkas.cz\/index.php?rest_route=\/wp\/v2\/users\/4"}],"replies":[{"embeddable":true,"href":"http:\/\/pkas.cz\/index.php?rest_route=%2Fwp%2Fv2%2Fcomments&post=5112"}],"version-history":[{"count":7,"href":"http:\/\/pkas.cz\/index.php?rest_route=\/wp\/v2\/posts\/5112\/revisions"}],"predecessor-version":[{"id":5125,"href":"http:\/\/pkas.cz\/index.php?rest_route=\/wp\/v2\/posts\/5112\/revisions\/5125"}],"wp:featuredmedia":[{"embeddable":true,"href":"http:\/\/pkas.cz\/index.php?rest_route=\/wp\/v2\/media\/5123"}],"wp:attachment":[{"href":"http:\/\/pkas.cz\/index.php?rest_route=%2Fwp%2Fv2%2Fmedia&parent=5112"}],"wp:term":[{"taxonomy":"category","embeddable":true,"href":"http:\/\/pkas.cz\/index.php?rest_route=%2Fwp%2Fv2%2Fcategories&post=5112"},{"taxonomy":"post_tag","embeddable":true,"href":"http:\/\/pkas.cz\/index.php?rest_route=%2Fwp%2Fv2%2Ftags&post=5112"}],"curies":[{"name":"wp","href":"https:\/\/api.w.org\/{rel}","templated":true}]}}