{"id":5068,"date":"2025-03-22T19:47:47","date_gmt":"2025-03-22T18:47:47","guid":{"rendered":"http:\/\/pkas.cz\/?p=5068"},"modified":"2025-03-26T17:31:07","modified_gmt":"2025-03-26T16:31:07","slug":"tiskova-zprava-vysledky-z-valne-hromady-pkas-2025","status":"publish","type":"post","link":"http:\/\/pkas.cz\/?p=5068","title":{"rendered":"Tiskov\u00e1 zpr\u00e1va: V\u00ddSLEDKY z Valn\u00e9 hromady PKAS 2025"},"content":{"rendered":"<div class=\"wp-block-image\">\n<figure class=\"aligncenter size-full is-resized\"><img loading=\"lazy\" decoding=\"async\" width=\"525\" height=\"344\" src=\"http:\/\/pkas.cz\/wp-content\/uploads\/2024\/02\/PKAS-logo-right-vetsi.png\" alt=\"\" class=\"wp-image-4287\" style=\"width:231px;height:auto\" srcset=\"http:\/\/pkas.cz\/wp-content\/uploads\/2024\/02\/PKAS-logo-right-vetsi.png 525w, http:\/\/pkas.cz\/wp-content\/uploads\/2024\/02\/PKAS-logo-right-vetsi-300x197.png 300w\" sizes=\"(max-width: 525px) 100vw, 525px\" \/><figcaption class=\"wp-element-caption\">   <\/figcaption><\/figure><\/div>\n\n\n<p>Dne 20. 3. 2025 se v plze\u0148sk\u00e9m hotelu Central uskute\u010dnila Valn\u00e1 hromada Plze\u0148sk\u00e9ho krajsk\u00e9ho atletick\u00e9ho svazu, na kter\u00e9 byli voleni funkcion\u00e1\u0159i na n\u00e1sleduj\u00edc\u00ed \u010dty\u0159let\u00e9 funk\u010dn\u00ed obdob\u00ed. \u00da\u010dast deleg\u00e1t\u016f z jednotliv\u00fdch klub\u016f, kter\u00fdch bylo stanoveno celkem 29, byla stoprocentn\u00ed, co\u017e hned na za\u010d\u00e1tku ocenil v\u00e1\u017een\u00fd host valn\u00e9 hromady Dr. Libor Varhan\u00edk, p\u0159edseda \u010cesk\u00e9ho atletick\u00e9ho svazu. Druh\u00fdm v\u00fdznamn\u00fdm hostem byl JUDr. Zden\u011bk Simon, m\u00edstop\u0159edseda dozor\u010d\u00ed rady \u010cAS. N\u00ed\u017ee oznamujeme v\u00fdsledky prob\u011bhl\u00fdch voleb.<\/p>\n\n\n\n<p>Hlasy deleg\u00e1t\u016f rozhodly, \u017ee p\u0159edsedou PKAS bude <strong>Ing. PLA\u0160IL<\/strong> <strong>Miloslav<\/strong><br>Na post m\u00edstop\u0159edsedy PKAS byl zvolen <strong>Mgr. \u0160ILH\u00c1NEK Zden\u011bk<\/strong><\/p>\n\n\n\n<p>Nov\u011b zvolen\u00e9 slo\u017een\u00ed v\u00fdkonn\u00e9ho v\u00fdboru PKAS pro roky 2025-2029:<br><strong>Bc. KADLA Ji\u0159\u00ed<br>MAR\u0160\u00c1LKOV\u00c1 Kate\u0159ina<br>NEDBAL Martin<br>Mgr. NEUVIRT Miroslav<br>Bc. et Bc. PIVO\u0147KA Martin<br>Ing. ROCHOV\u00c1 Iva<br>SEKER\u00c1K David<\/strong><\/p>\n\n\n\n<p>Roli revizora PKAS z\u00edskal <strong>Ing. MATULKA Alexandr<\/strong><\/p>\n\n\n\n<p>Rovn\u011b\u017e tak\u00e9 valn\u00e1 hromada ustanovila deleg\u00e1ty na valnou hromadu \u010cAS, kter\u00e1 bude rovn\u011b\u017e volebn\u00ed a uskute\u010dn\u00ed se na konci dubna leto\u0161n\u00edho roku:<br>BASTL Ji\u0159\u00ed<br>BRO\u017d\u00cdK Ond\u0159ej<br>CIHL\u00c1\u0158 Franti\u0161ek<br>FORSTER Zden\u011bk<br>KADLA Ji\u0159\u00ed<br>KONOP Petr<br>KOVALSK\u00dd Pavel<br>SEKER\u00c1K David<br>\u0160ILH\u00c1NEK Zden\u011bk<br>\u0160ROUBEK Vlastimil ml.<\/p>\n\n\n\n<p>P\u0159ikl\u00e1d\u00e1me tak\u00e9 velk\u00e9 pod\u011bkov\u00e1n\u00ed za dlouholetou \u010dinnost pro atletiku v Plze\u0148sk\u00e9m kraji pan\u00ed Ern\u011b Linhartov\u00e9, kter\u00e1 m\u011bla na starosti rozhod\u010d\u00ed, panu Petru Konopovi, kter\u00fd \u00fasp\u011b\u0161n\u011b n\u011bkolik volebn\u00edch obdob\u00ed zast\u00e1val post p\u0159edsedy PKAS, panu Janu Ledvinovi, kter\u00fd zodpov\u011bdn\u011b vykon\u00e1val funkci krajsk\u00e9ho revizora, dlouholet\u00e9mu hospod\u00e1\u0159i PKAS panu Ji\u0159\u00edmu Bastlovi, panu Josefu P\u0161ajdlovi, kter\u00fd p\u0159es dv\u011b funk\u010dn\u00ed obdob\u00ed spravoval agendu sout\u011b\u017en\u00ed komise, panu Romanu Sladk\u00e9mu, kter\u00fd zaji\u0161\u0165oval zejm\u00e9na oblast mimodr\u00e1hov\u00fdch b\u011bh\u016f, a tak\u00e9 ostatn\u00edm \u010dlen\u016fm v\u00fdkonn\u00e9ho v\u00fdboru 2021-2025.<\/p>\n\n\n<div class=\"wp-block-image\">\n<figure class=\"aligncenter size-large is-resized\"><img loading=\"lazy\" decoding=\"async\" width=\"1024\" height=\"768\" src=\"http:\/\/pkas.cz\/wp-content\/uploads\/2025\/03\/d2dde0e9-a307-45b5-98a0-996cbfb72cb6-1024x768.jpg\" alt=\"\" class=\"wp-image-5073\" style=\"width:377px;height:auto\" srcset=\"http:\/\/pkas.cz\/wp-content\/uploads\/2025\/03\/d2dde0e9-a307-45b5-98a0-996cbfb72cb6-1024x768.jpg 1024w, http:\/\/pkas.cz\/wp-content\/uploads\/2025\/03\/d2dde0e9-a307-45b5-98a0-996cbfb72cb6-300x225.jpg 300w, http:\/\/pkas.cz\/wp-content\/uploads\/2025\/03\/d2dde0e9-a307-45b5-98a0-996cbfb72cb6-768x576.jpg 768w, http:\/\/pkas.cz\/wp-content\/uploads\/2025\/03\/d2dde0e9-a307-45b5-98a0-996cbfb72cb6-1536x1152.jpg 1536w, http:\/\/pkas.cz\/wp-content\/uploads\/2025\/03\/d2dde0e9-a307-45b5-98a0-996cbfb72cb6.jpg 1600w\" sizes=\"(max-width: 1024px) 100vw, 1024px\" \/><\/figure><\/div>","protected":false},"excerpt":{"rendered":"<p>Dne 20. 3. 2025 se v plze\u0148sk\u00e9m hotelu Central uskute\u010dnila Valn\u00e1 hromada Plze\u0148sk\u00e9ho krajsk\u00e9ho atletick\u00e9ho svazu, na kter\u00e9 byli voleni funkcion\u00e1\u0159i na n\u00e1sleduj\u00edc\u00ed \u010dty\u0159let\u00e9 funk\u010dn\u00ed&hellip;<\/p>\n","protected":false},"author":4,"featured_media":4287,"comment_status":"closed","ping_status":"closed","sticky":false,"template":"","format":"standard","meta":{"footnotes":""},"categories":[3],"tags":[],"jetpack_sharing_enabled":true,"jetpack_featured_media_url":"http:\/\/pkas.cz\/wp-content\/uploads\/2024\/02\/PKAS-logo-right-vetsi.png","_links":{"self":[{"href":"http:\/\/pkas.cz\/index.php?rest_route=\/wp\/v2\/posts\/5068"}],"collection":[{"href":"http:\/\/pkas.cz\/index.php?rest_route=\/wp\/v2\/posts"}],"about":[{"href":"http:\/\/pkas.cz\/index.php?rest_route=\/wp\/v2\/types\/post"}],"author":[{"embeddable":true,"href":"http:\/\/pkas.cz\/index.php?rest_route=\/wp\/v2\/users\/4"}],"replies":[{"embeddable":true,"href":"http:\/\/pkas.cz\/index.php?rest_route=%2Fwp%2Fv2%2Fcomments&post=5068"}],"version-history":[{"count":16,"href":"http:\/\/pkas.cz\/index.php?rest_route=\/wp\/v2\/posts\/5068\/revisions"}],"predecessor-version":[{"id":5106,"href":"http:\/\/pkas.cz\/index.php?rest_route=\/wp\/v2\/posts\/5068\/revisions\/5106"}],"wp:featuredmedia":[{"embeddable":true,"href":"http:\/\/pkas.cz\/index.php?rest_route=\/wp\/v2\/media\/4287"}],"wp:attachment":[{"href":"http:\/\/pkas.cz\/index.php?rest_route=%2Fwp%2Fv2%2Fmedia&parent=5068"}],"wp:term":[{"taxonomy":"category","embeddable":true,"href":"http:\/\/pkas.cz\/index.php?rest_route=%2Fwp%2Fv2%2Fcategories&post=5068"},{"taxonomy":"post_tag","embeddable":true,"href":"http:\/\/pkas.cz\/index.php?rest_route=%2Fwp%2Fv2%2Ftags&post=5068"}],"curies":[{"name":"wp","href":"https:\/\/api.w.org\/{rel}","templated":true}]}}