{"id":5064,"date":"2025-03-17T18:01:44","date_gmt":"2025-03-17T17:01:44","guid":{"rendered":"http:\/\/pkas.cz\/?p=5064"},"modified":"2025-03-17T18:02:16","modified_gmt":"2025-03-17T17:02:16","slug":"predstaveni-kandidatu-na-funkce-ve-vykonnem-vyboru-pkas","status":"publish","type":"post","link":"http:\/\/pkas.cz\/?p=5064","title":{"rendered":"P\u0159edstaven\u00ed kandid\u00e1t\u016f na funkce ve V\u00fdkonn\u00e9m v\u00fdboru PKAS"},"content":{"rendered":"<div class=\"wp-block-image\">\n<figure class=\"aligncenter size-full is-resized\"><img loading=\"lazy\" decoding=\"async\" width=\"525\" height=\"344\" src=\"http:\/\/pkas.cz\/wp-content\/uploads\/2024\/02\/PKAS-logo-right-vetsi.png\" alt=\"\" class=\"wp-image-4287\" style=\"width:242px;height:auto\" srcset=\"http:\/\/pkas.cz\/wp-content\/uploads\/2024\/02\/PKAS-logo-right-vetsi.png 525w, http:\/\/pkas.cz\/wp-content\/uploads\/2024\/02\/PKAS-logo-right-vetsi-300x197.png 300w\" sizes=\"(max-width: 525px) 100vw, 525px\" \/><figcaption class=\"wp-element-caption\">   <\/figcaption><\/figure><\/div>\n\n\n<p>Ji\u017e v tomto t\u00fddnu, ve \u010dtvrtek 20. 3., se kon\u00e1 Valn\u00e1 hromada Plze\u0148sk\u00e9ho krajsk\u00e9ho atletick\u00e9ho svazu, na kter\u00e9 bude volen nov\u00fd v\u00fdkonn\u00fd v\u00fdbor na n\u00e1sleduj\u00edc\u00ed \u010dty\u0159let\u00e9 funk\u010dn\u00ed obdob\u00ed. <\/p>\n\n\n\n<p>Na<a href=\"http:\/\/pkas.cz\/wp-content\/uploads\/2025\/03\/Predstaveni_kandidatu_na_funkce_v_PKAS.pdf\" target=\"_blank\" rel=\"noreferrer noopener\"> tomto odkazu<\/a> se m\u016f\u017eete pod\u00edvat na kandid\u00e1ty na jednotliv\u00e9 funkce ve VV a jak vid\u00ed sv\u00e9 p\u016fsoben\u00ed po p\u0159\u00edpadn\u00e9m zvolen\u00ed do v\u00fdkonn\u00e9ho v\u00fdboru.<\/p>\n","protected":false},"excerpt":{"rendered":"<p>Ji\u017e v tomto t\u00fddnu, ve \u010dtvrtek 20. 3., se kon\u00e1 Valn\u00e1 hromada Plze\u0148sk\u00e9ho krajsk\u00e9ho atletick\u00e9ho svazu, na kter\u00e9 bude volen nov\u00fd v\u00fdkonn\u00fd v\u00fdbor na n\u00e1sleduj\u00edc\u00ed&hellip;<\/p>\n","protected":false},"author":4,"featured_media":4287,"comment_status":"closed","ping_status":"closed","sticky":false,"template":"","format":"standard","meta":{"footnotes":""},"categories":[3],"tags":[],"jetpack_sharing_enabled":true,"jetpack_featured_media_url":"http:\/\/pkas.cz\/wp-content\/uploads\/2024\/02\/PKAS-logo-right-vetsi.png","_links":{"self":[{"href":"http:\/\/pkas.cz\/index.php?rest_route=\/wp\/v2\/posts\/5064"}],"collection":[{"href":"http:\/\/pkas.cz\/index.php?rest_route=\/wp\/v2\/posts"}],"about":[{"href":"http:\/\/pkas.cz\/index.php?rest_route=\/wp\/v2\/types\/post"}],"author":[{"embeddable":true,"href":"http:\/\/pkas.cz\/index.php?rest_route=\/wp\/v2\/users\/4"}],"replies":[{"embeddable":true,"href":"http:\/\/pkas.cz\/index.php?rest_route=%2Fwp%2Fv2%2Fcomments&post=5064"}],"version-history":[{"count":3,"href":"http:\/\/pkas.cz\/index.php?rest_route=\/wp\/v2\/posts\/5064\/revisions"}],"predecessor-version":[{"id":5067,"href":"http:\/\/pkas.cz\/index.php?rest_route=\/wp\/v2\/posts\/5064\/revisions\/5067"}],"wp:featuredmedia":[{"embeddable":true,"href":"http:\/\/pkas.cz\/index.php?rest_route=\/wp\/v2\/media\/4287"}],"wp:attachment":[{"href":"http:\/\/pkas.cz\/index.php?rest_route=%2Fwp%2Fv2%2Fmedia&parent=5064"}],"wp:term":[{"taxonomy":"category","embeddable":true,"href":"http:\/\/pkas.cz\/index.php?rest_route=%2Fwp%2Fv2%2Fcategories&post=5064"},{"taxonomy":"post_tag","embeddable":true,"href":"http:\/\/pkas.cz\/index.php?rest_route=%2Fwp%2Fv2%2Ftags&post=5064"}],"curies":[{"name":"wp","href":"https:\/\/api.w.org\/{rel}","templated":true}]}}