{"id":5043,"date":"2025-03-10T19:17:16","date_gmt":"2025-03-10T18:17:16","guid":{"rendered":"http:\/\/pkas.cz\/?p=5043"},"modified":"2025-03-10T21:37:19","modified_gmt":"2025-03-10T20:37:19","slug":"stefela-a-petrzilkova-slavi-stribro-a-bronz-z-haloveho-evropskeho-sampionatu","status":"publish","type":"post","link":"http:\/\/pkas.cz\/?p=5043","title":{"rendered":"\u0160tefela a Petr\u017eilkov\u00e1 slav\u00ed st\u0159\u00edbro a bronz z halov\u00e9ho evropsk\u00e9ho \u0161ampion\u00e1tu"},"content":{"rendered":"\n<div class=\"wp-block-columns is-layout-flex wp-container-core-columns-layout-1 wp-block-columns-is-layout-flex\">\n<div class=\"wp-block-column is-layout-flow wp-block-column-is-layout-flow\"><div class=\"wp-block-image\">\n<figure class=\"aligncenter size-large is-resized\"><img loading=\"lazy\" decoding=\"async\" width=\"1024\" height=\"682\" src=\"http:\/\/pkas.cz\/wp-content\/uploads\/2025\/03\/stefela-vlajka-1024x682.webp\" alt=\"\" class=\"wp-image-5044\" style=\"width:381px;height:auto\" srcset=\"http:\/\/pkas.cz\/wp-content\/uploads\/2025\/03\/stefela-vlajka-1024x682.webp 1024w, http:\/\/pkas.cz\/wp-content\/uploads\/2025\/03\/stefela-vlajka-300x200.webp 300w, http:\/\/pkas.cz\/wp-content\/uploads\/2025\/03\/stefela-vlajka-768x512.webp 768w, http:\/\/pkas.cz\/wp-content\/uploads\/2025\/03\/stefela-vlajka-1536x1024.webp 1536w, http:\/\/pkas.cz\/wp-content\/uploads\/2025\/03\/stefela-vlajka.webp 2000w\" sizes=\"(max-width: 1024px) 100vw, 1024px\" \/><figcaption class=\"wp-element-caption\">   <\/figcaption><\/figure><\/div><\/div>\n\n\n\n<div class=\"wp-block-column is-layout-flow wp-block-column-is-layout-flow\"><div class=\"wp-block-image\">\n<figure class=\"aligncenter size-large is-resized\"><img loading=\"lazy\" decoding=\"async\" width=\"1750\" height=\"1166\" src=\"http:\/\/pkas.cz\/wp-content\/uploads\/2025\/03\/petrzilkova-beh-edited.webp\" alt=\"\" class=\"wp-image-5058\" style=\"width:378px;height:auto\" srcset=\"http:\/\/pkas.cz\/wp-content\/uploads\/2025\/03\/petrzilkova-beh-edited.webp 1750w, http:\/\/pkas.cz\/wp-content\/uploads\/2025\/03\/petrzilkova-beh-edited-300x200.webp 300w, http:\/\/pkas.cz\/wp-content\/uploads\/2025\/03\/petrzilkova-beh-edited-1024x682.webp 1024w, http:\/\/pkas.cz\/wp-content\/uploads\/2025\/03\/petrzilkova-beh-edited-768x512.webp 768w, http:\/\/pkas.cz\/wp-content\/uploads\/2025\/03\/petrzilkova-beh-edited-1536x1023.webp 1536w\" sizes=\"(max-width: 1750px) 100vw, 1750px\" \/><figcaption class=\"wp-element-caption\">   <\/figcaption><\/figure><\/div><\/div>\n<\/div>\n\n\n\n<p>Od \u010dtvrtka 6. do ned\u011ble 9. b\u0159ezna se v nizozemsk\u00e9m Apeldoornu konalo Halov\u00e9 mistrovstv\u00ed Evropy, na kter\u00e9 se vydalo hned 26 \u010desk\u00fdch z\u00e1vodn\u00edk\u016f a z\u00e1vodnic. Na prvn\u00edm vrcholn\u00e9m \u0161ampion\u00e1tu leto\u0161n\u00ed sez\u00f3ny vybojovala \u010desk\u00e1 v\u00fdprava t\u0159i cenn\u00e9 kovy, z nich\u017e hned na dvou maj\u00ed z\u00e1sluhu z\u00e1vodn\u00edci z plze\u0148sk\u00e9ho klubu AK \u0160KODA Plze\u0148.<\/p>\n\n\n<div class=\"wp-block-image\">\n<figure class=\"alignleft size-large is-resized\"><img loading=\"lazy\" decoding=\"async\" width=\"1024\" height=\"682\" src=\"http:\/\/pkas.cz\/wp-content\/uploads\/2025\/03\/stefela-stupne-edited-1024x682.webp\" alt=\"\" class=\"wp-image-5048\" style=\"width:398px;height:auto\" srcset=\"http:\/\/pkas.cz\/wp-content\/uploads\/2025\/03\/stefela-stupne-edited-1024x682.webp 1024w, http:\/\/pkas.cz\/wp-content\/uploads\/2025\/03\/stefela-stupne-edited-300x200.webp 300w, http:\/\/pkas.cz\/wp-content\/uploads\/2025\/03\/stefela-stupne-edited-768x512.webp 768w, http:\/\/pkas.cz\/wp-content\/uploads\/2025\/03\/stefela-stupne-edited-1536x1023.webp 1536w, http:\/\/pkas.cz\/wp-content\/uploads\/2025\/03\/stefela-stupne-edited.webp 1836w\" sizes=\"(max-width: 1024px) 100vw, 1024px\" \/><\/figure><\/div>\n\n\n<p>Hned prvn\u00ed z\u00e1vodn\u00ed den se ve v\u00fd\u0161ka\u0159sk\u00e9m sektoru p\u0159edstavil <strong>Jan \u0160tefela<\/strong>, kter\u00fd v\u00fdkonem 223 cm splnil \u00fakol dostat se do fin\u00e1le. To bylo na programu v sobotu ve\u010der. V n\u011bm svedl sv\u011b\u0159enec \u010desk\u00e9ho v\u00fd\u0161ka\u0159sk\u00e9ho rekordmana Jaroslava B\u00e1by nap\u00ednav\u00fd souboj, kdy\u017e prvn\u00ed dv\u011b v\u00fd\u0161ky zdolal prvn\u00edm pokusem, ov\u0161em v\u00fd\u0161ku 226 cm musel opakovat hned dvakr\u00e1t. Z\u00e1pado\u010desk\u00fd z\u00e1vodn\u00edk ale udr\u017eel pevn\u00e9 nervy a po poveden\u00e9m t\u0159et\u00edm pokusu pokra\u010doval spolu s dal\u0161\u00edmi \u010dty\u0159mi v\u00fd\u0161ka\u0159i v sout\u011b\u017ei. Hladce se pak p\u0159enesl p\u0159es la\u0165ku ve v\u00fd\u0161ce 229 cm a boj o cenn\u00e9 kovy za\u010dal naplno. Nov\u00fd osobn\u00ed rekord v hodnot\u011b 234 cm sice utekl Janu \u0160tefelovi jen t\u011bsn\u011b, ale d\u00edky skv\u011bl\u00e9mu v\u00fdkonu 229 cm a pevn\u00fdm nerv\u016fm vybojoval svou prvn\u00ed seniorskou medaili st\u0159\u00edbrn\u00e9 hodnoty. Sout\u011b\u017e ovl\u00e1dl Oleh Doroshchuk (UKR) v\u00fdkonem 234 cm, kter\u00fd nezapsal ani jeden nezda\u0159en\u00fd pokus, a bronz bral Matteo Sioli (ITA) za 229 cm, kter\u00fd na rozd\u00edl od \u0160tefely p\u0159ekonal kone\u010dnou v\u00fd\u0161ku a\u017e na druh\u00fd pokus.<\/p>\n\n\n<div class=\"wp-block-image\">\n<figure class=\"alignright size-large is-resized\"><img loading=\"lazy\" decoding=\"async\" width=\"1024\" height=\"682\" src=\"http:\/\/pkas.cz\/wp-content\/uploads\/2025\/03\/petrzilkova-stupne-1024x682.webp\" alt=\"\" class=\"wp-image-5056\" style=\"width:440px;height:auto\" srcset=\"http:\/\/pkas.cz\/wp-content\/uploads\/2025\/03\/petrzilkova-stupne-1024x682.webp 1024w, http:\/\/pkas.cz\/wp-content\/uploads\/2025\/03\/petrzilkova-stupne-300x200.webp 300w, http:\/\/pkas.cz\/wp-content\/uploads\/2025\/03\/petrzilkova-stupne-768x512.webp 768w, http:\/\/pkas.cz\/wp-content\/uploads\/2025\/03\/petrzilkova-stupne-1536x1024.webp 1536w, http:\/\/pkas.cz\/wp-content\/uploads\/2025\/03\/petrzilkova-stupne.webp 2000w\" sizes=\"(max-width: 1024px) 100vw, 1024px\" \/><\/figure><\/div>\n\n\n<p>Na z\u00e1v\u011br \u00favodn\u00edho programu jsme vid\u011bli jako \u010dlenku mixov\u00e9 \u0161tafety 4&#215;400 m dal\u0161\u00ed plze\u0148skou z\u00e1vodnici <strong>Terezu Petr\u017eilkovou<\/strong>. \u010cesk\u00e9 kvarteto ve slo\u017een\u00ed Desensk\u00fd, P\u00edrkov\u00e1, \u0160\u010dibr\u00e1ni a Petr\u017eilkov\u00e1 ale pro\u0165alo c\u00edlovou p\u00e1sku na \u0161est\u00e9m m\u00edst\u011b v \u010dase 3:19.17 min. Medailovou radost za\u017eila Tereza Petr\u017eilkov\u00e1 p\u0159ipravuj\u00edc\u00ed se pod veden\u00edm pra\u017esk\u00e9ho tren\u00e9ra Michala Nov\u00e1ka a\u017e v ned\u011bli ve\u010der, kdy byly na programu \u017eensk\u00e9 \u0161tafety na 4&#215;400 m. \u010cesk\u00e1 \u010dtve\u0159ice Vondrov\u00e1, J\u00edchov\u00e1, Petr\u017eilkov\u00e1 a Manuel se ve velice nabit\u00e9 konkurenci dr\u017eela s \u010delem z\u00e1vodu a nakonec fini\u0161ovala na bronzov\u00e9 pozici. Na potvrzen\u00ed ale musela p\u00e1r minut po dokon\u010den\u00ed \u010dekat, jeliko\u017e v\u00edt\u011bzn\u00e1 \u0161tafeta Nizozemek (3:24.34 min) byla nejprve diskvalifikov\u00e1na a pot\u00e9 vr\u00e1cena na prvn\u00ed m\u00edsto. Vedle bronzov\u00fdch medail\u00ed se \u0161tafeta do historie zapsala tak\u00e9 stanoven\u00edm nov\u00e9ho n\u00e1rodn\u00edho rekordu d\u00edky \u010dasu 3:25.31 min, kter\u00fd je o t\u0159i vte\u0159iny rychlej\u0161\u00ed ne\u017e \u010das dosavadn\u00edch rekordmanek (Ko\u0161tovalov\u00e1, Formanov\u00e1, Fuchsov\u00e1, Bene\u0161ov\u00e1) z roku 1997. St\u0159\u00edbrn\u00e9 dob\u011bhlo kvarteto Velk\u00e9 Brit\u00e1nie rovn\u011b\u017e v n\u00e1rodn\u00edm rekordu 3:24.89 min. Zlat\u00e9 Nizozemky stanovily novou hodnotu n\u00e1rodn\u00edho rekordu, rekordu mistrovstv\u00ed Evropy a tak\u00e9 nejrychlej\u0161\u00edho \u010dasu dosavadn\u00ed halov\u00e9 sez\u00f3ny.<\/p>\n\n\n<div class=\"wp-block-image\">\n<figure class=\"alignleft size-large is-resized\"><img loading=\"lazy\" decoding=\"async\" width=\"1024\" height=\"682\" src=\"http:\/\/pkas.cz\/wp-content\/uploads\/2025\/03\/sucha-1024x682.webp\" alt=\"\" class=\"wp-image-5051\" style=\"width:374px;height:auto\" srcset=\"http:\/\/pkas.cz\/wp-content\/uploads\/2025\/03\/sucha-1024x682.webp 1024w, http:\/\/pkas.cz\/wp-content\/uploads\/2025\/03\/sucha-300x200.webp 300w, http:\/\/pkas.cz\/wp-content\/uploads\/2025\/03\/sucha-768x512.webp 768w, http:\/\/pkas.cz\/wp-content\/uploads\/2025\/03\/sucha-1536x1024.webp 1536w, http:\/\/pkas.cz\/wp-content\/uploads\/2025\/03\/sucha.webp 2000w\" sizes=\"(max-width: 1024px) 100vw, 1024px\" \/><\/figure><\/div>\n\n\n<p>Premi\u00e9ru na seniorsk\u00e9m kontinent\u00e1ln\u00edm mistrovstv\u00ed m\u00e1 za sebou <strong>Linda Such\u00e1<\/strong>. Talentovan\u00e1 trojskokanka se ve skokansk\u00e9m sektoru poprala o postup do fin\u00e1lov\u00fdch boj\u016f u\u017e ve \u010dtvrte\u010dn\u00ed ve\u010der, kdy na spln\u011bn\u00ed limitu (14.00 m) pro p\u0159\u00edm\u00fd postup by si musela vylep\u0161it osobn\u00ed rekord o 24 cm. Nakonec sv\u011b\u0159enkyn\u011b Jakuba Ryby dok\u00e1zala zapsat v\u00fdkon 13.36 m, kter\u00fd sta\u010dil na celkovou \u0161estn\u00e1ctou p\u0159\u00ed\u010dku.<\/p>\n\n\n\n<p>T\u0159et\u00ed cenn\u00fd kov pro \u010ceskou republiku vybojoval Tom\u00e1\u0161 Stan\u011bk, kter\u00fd v koula\u0159sk\u00e9m sektoru poslal n\u00e1\u010din\u00ed nejd\u00e9le do vzd\u00e1lenosti 20.75 m a p\u0159idal do sv\u00e9 sb\u00edrky bronz.<\/p>\n\n\n\n<p>Na kompletn\u00ed v\u00fdsledky z halov\u00e9ho evropsk\u00e9ho \u0161ampion\u00e1tu se m\u016f\u017eete pod\u00edvat na <a href=\"https:\/\/live.european-athletics.com\/apeldoorn-2025\/timetable\" target=\"_blank\" rel=\"noreferrer noopener\">tomto odkazu<\/a>.<br>Foto: <a href=\"https:\/\/www.atletika.cz\/fotogalerie\/\" target=\"_blank\" rel=\"noreferrer noopener\">\u010cAS &#8211; So\u0148a Mal\u00e9terov\u00e1<\/a><\/p>\n","protected":false},"excerpt":{"rendered":"<p>Od \u010dtvrtka 6. do ned\u011ble 9. b\u0159ezna se v nizozemsk\u00e9m Apeldoornu konalo Halov\u00e9 mistrovstv\u00ed Evropy, na kter\u00e9 se vydalo hned 26 \u010desk\u00fdch z\u00e1vodn\u00edk\u016f a z\u00e1vodnic.&hellip;<\/p>\n","protected":false},"author":4,"featured_media":5044,"comment_status":"closed","ping_status":"closed","sticky":false,"template":"","format":"standard","meta":{"footnotes":""},"categories":[1],"tags":[],"jetpack_sharing_enabled":true,"jetpack_featured_media_url":"http:\/\/pkas.cz\/wp-content\/uploads\/2025\/03\/stefela-vlajka.webp","_links":{"self":[{"href":"http:\/\/pkas.cz\/index.php?rest_route=\/wp\/v2\/posts\/5043"}],"collection":[{"href":"http:\/\/pkas.cz\/index.php?rest_route=\/wp\/v2\/posts"}],"about":[{"href":"http:\/\/pkas.cz\/index.php?rest_route=\/wp\/v2\/types\/post"}],"author":[{"embeddable":true,"href":"http:\/\/pkas.cz\/index.php?rest_route=\/wp\/v2\/users\/4"}],"replies":[{"embeddable":true,"href":"http:\/\/pkas.cz\/index.php?rest_route=%2Fwp%2Fv2%2Fcomments&post=5043"}],"version-history":[{"count":11,"href":"http:\/\/pkas.cz\/index.php?rest_route=\/wp\/v2\/posts\/5043\/revisions"}],"predecessor-version":[{"id":5062,"href":"http:\/\/pkas.cz\/index.php?rest_route=\/wp\/v2\/posts\/5043\/revisions\/5062"}],"wp:featuredmedia":[{"embeddable":true,"href":"http:\/\/pkas.cz\/index.php?rest_route=\/wp\/v2\/media\/5044"}],"wp:attachment":[{"href":"http:\/\/pkas.cz\/index.php?rest_route=%2Fwp%2Fv2%2Fmedia&parent=5043"}],"wp:term":[{"taxonomy":"category","embeddable":true,"href":"http:\/\/pkas.cz\/index.php?rest_route=%2Fwp%2Fv2%2Fcategories&post=5043"},{"taxonomy":"post_tag","embeddable":true,"href":"http:\/\/pkas.cz\/index.php?rest_route=%2Fwp%2Fv2%2Ftags&post=5043"}],"curies":[{"name":"wp","href":"https:\/\/api.w.org\/{rel}","templated":true}]}}