{"id":5041,"date":"2025-03-11T00:01:44","date_gmt":"2025-03-10T23:01:44","guid":{"rendered":"http:\/\/pkas.cz\/?p=5041"},"modified":"2025-03-11T00:01:44","modified_gmt":"2025-03-10T23:01:44","slug":"zprava-tajemnika-volebni-komise-valne-hromady-pkas","status":"publish","type":"post","link":"http:\/\/pkas.cz\/?p=5041","title":{"rendered":"Zpr\u00e1va tajemn\u00edka volebn\u00ed komise Valn\u00e9 hromady PKAS"},"content":{"rendered":"<div class=\"wp-block-image\">\n<figure class=\"aligncenter size-full is-resized\"><img loading=\"lazy\" decoding=\"async\" width=\"525\" height=\"344\" src=\"http:\/\/pkas.cz\/wp-content\/uploads\/2024\/02\/PKAS-logo-right-vetsi.png\" alt=\"\" class=\"wp-image-4287\" style=\"width:244px;height:auto\" srcset=\"http:\/\/pkas.cz\/wp-content\/uploads\/2024\/02\/PKAS-logo-right-vetsi.png 525w, http:\/\/pkas.cz\/wp-content\/uploads\/2024\/02\/PKAS-logo-right-vetsi-300x197.png 300w\" sizes=\"(max-width: 525px) 100vw, 525px\" \/><figcaption class=\"wp-element-caption\">   <\/figcaption><\/figure><\/div>\n\n\n<p><strong>Zve\u0159ejn\u011bn\u00ed kandid\u00e1t\u016f na funkce v PKAS &#8211; navr\u017eeno \u010dleny PKAS do stanoven\u00e9ho term\u00ednu (10. 3. 2025)<\/strong><\/p>\n\n\n\n<p>Do stanoven\u00e9ho term\u00ednu obdr\u017eel tajemn\u00edk tyto n\u00e1vrhy kandid\u00e1t\u016f:<\/p>\n\n\n\n<p><strong>Kandid\u00e1ti na funkci p\u0159edsedy PKAS:<\/strong><br>1) KONOP Petr<br>2) Ing. PLA\u0160IL Miloslav<\/p>\n\n\n\n<p><strong>Kandid\u00e1ti na funkci m\u00edstop\u0159edsedy PKAS:<\/strong><br>1) SEKER\u00c1K David<br>2) Mgr. \u0160ILH\u00c1NEK Zden\u011bk<\/p>\n\n\n\n<p><strong>Kandid\u00e1ti na funkci revizora PKAS:<\/strong><br>1) Mgr. HUB\u00c1\u010cEK Ivan<br>2) Ing. MATULKA Alexandr<\/p>\n\n\n\n<p><strong>Kandid\u00e1ti na \u010dleny VV PKAS:<\/strong><br>1) Ing. BASTL Ji\u0159\u00ed<br>2) KADLA Ji\u0159\u00ed<br>3) MAR\u0160\u00c1LKOV\u00c1 Kate\u0159ina<br>4) NEDBAL Martin<br>5) Mgr. NEUVIRT Miroslav\u00a0<br>6) Bc. et Bc. PIVO\u0147KA Martin<br>7) Ing. ROCHOV\u00c1 Iva<br>8) SEKER\u00c1K David<br>9) Ing. SLADK\u00dd Roman<br>10) Mgr. \u0160ILH\u00c1NEK Zden\u011bk<br>11) Mgr. UJKANOVI\u010cOV\u00c1 Adriana<\/p>\n\n\n\n<p>Miroslav Neuvirt<br>tajemn\u00edk volebn\u00ed komise VH PKAS<\/p>\n","protected":false},"excerpt":{"rendered":"<p>Zve\u0159ejn\u011bn\u00ed kandid\u00e1t\u016f na funkce v PKAS &#8211; navr\u017eeno \u010dleny PKAS do stanoven\u00e9ho term\u00ednu (10. 3. 2025) Do stanoven\u00e9ho term\u00ednu obdr\u017eel tajemn\u00edk tyto n\u00e1vrhy kandid\u00e1t\u016f: Kandid\u00e1ti&hellip;<\/p>\n","protected":false},"author":4,"featured_media":4287,"comment_status":"closed","ping_status":"closed","sticky":false,"template":"","format":"standard","meta":{"footnotes":""},"categories":[3],"tags":[],"jetpack_sharing_enabled":true,"jetpack_featured_media_url":"http:\/\/pkas.cz\/wp-content\/uploads\/2024\/02\/PKAS-logo-right-vetsi.png","_links":{"self":[{"href":"http:\/\/pkas.cz\/index.php?rest_route=\/wp\/v2\/posts\/5041"}],"collection":[{"href":"http:\/\/pkas.cz\/index.php?rest_route=\/wp\/v2\/posts"}],"about":[{"href":"http:\/\/pkas.cz\/index.php?rest_route=\/wp\/v2\/types\/post"}],"author":[{"embeddable":true,"href":"http:\/\/pkas.cz\/index.php?rest_route=\/wp\/v2\/users\/4"}],"replies":[{"embeddable":true,"href":"http:\/\/pkas.cz\/index.php?rest_route=%2Fwp%2Fv2%2Fcomments&post=5041"}],"version-history":[{"count":2,"href":"http:\/\/pkas.cz\/index.php?rest_route=\/wp\/v2\/posts\/5041\/revisions"}],"predecessor-version":[{"id":5061,"href":"http:\/\/pkas.cz\/index.php?rest_route=\/wp\/v2\/posts\/5041\/revisions\/5061"}],"wp:featuredmedia":[{"embeddable":true,"href":"http:\/\/pkas.cz\/index.php?rest_route=\/wp\/v2\/media\/4287"}],"wp:attachment":[{"href":"http:\/\/pkas.cz\/index.php?rest_route=%2Fwp%2Fv2%2Fmedia&parent=5041"}],"wp:term":[{"taxonomy":"category","embeddable":true,"href":"http:\/\/pkas.cz\/index.php?rest_route=%2Fwp%2Fv2%2Fcategories&post=5041"},{"taxonomy":"post_tag","embeddable":true,"href":"http:\/\/pkas.cz\/index.php?rest_route=%2Fwp%2Fv2%2Ftags&post=5041"}],"curies":[{"name":"wp","href":"https:\/\/api.w.org\/{rel}","templated":true}]}}