{"id":5010,"date":"2025-03-04T21:24:17","date_gmt":"2025-03-04T20:24:17","guid":{"rendered":"http:\/\/pkas.cz\/?p=5010"},"modified":"2025-03-04T21:24:37","modified_gmt":"2025-03-04T20:24:37","slug":"halove-mistrovstvi-zaku-a-zakyn-prineslo-7-medaili","status":"publish","type":"post","link":"http:\/\/pkas.cz\/?p=5010","title":{"rendered":"Halov\u00e9 mistrovstv\u00ed star\u0161\u00edch \u017e\u00e1k\u016f a \u017e\u00e1ky\u0148 p\u0159ineslo 7 medail\u00ed"},"content":{"rendered":"<div class=\"wp-block-image\">\n<figure class=\"aligncenter size-large is-resized\"><img loading=\"lazy\" decoding=\"async\" width=\"1706\" height=\"1137\" src=\"http:\/\/pkas.cz\/wp-content\/uploads\/2025\/03\/hosnedl-edited.jpg\" alt=\"\" class=\"wp-image-5022\" style=\"width:332px;height:auto\" srcset=\"http:\/\/pkas.cz\/wp-content\/uploads\/2025\/03\/hosnedl-edited.jpg 1706w, http:\/\/pkas.cz\/wp-content\/uploads\/2025\/03\/hosnedl-edited-300x200.jpg 300w, http:\/\/pkas.cz\/wp-content\/uploads\/2025\/03\/hosnedl-edited-1024x682.jpg 1024w, http:\/\/pkas.cz\/wp-content\/uploads\/2025\/03\/hosnedl-edited-768x512.jpg 768w, http:\/\/pkas.cz\/wp-content\/uploads\/2025\/03\/hosnedl-edited-1536x1024.jpg 1536w\" sizes=\"(max-width: 1706px) 100vw, 1706px\" \/><figcaption class=\"wp-element-caption\">     <\/figcaption><\/figure><\/div>\n\n\n<p>O v\u00edkendu 1. a 2. b\u0159ezna se konalo posledn\u00ed tuzemsk\u00e9 mistrovstv\u00ed halov\u00e9 sez\u00f3ny 2025, kter\u00fdm jako ji\u017e tradi\u010dn\u011b byl \u017e\u00e1kovsk\u00fd n\u00e1rodn\u00ed \u0161ampion\u00e1t. Z pra\u017esk\u00e9 Atletick\u00e9 haly Otakara Jandery vezou atleti Plze\u0148sk\u00e9ho kraje hned sedm cenn\u00fdch kov\u016f &#8211; 5 st\u0159\u00edbrn\u00fdch a 2 bronzov\u00e9.<\/p>\n\n\n<div class=\"wp-block-image\">\n<figure class=\"alignright size-large is-resized\"><img loading=\"lazy\" decoding=\"async\" width=\"1024\" height=\"682\" src=\"http:\/\/pkas.cz\/wp-content\/uploads\/2025\/03\/zikmundova-1024x682.jpg\" alt=\"\" class=\"wp-image-5024\" style=\"width:349px;height:auto\" srcset=\"http:\/\/pkas.cz\/wp-content\/uploads\/2025\/03\/zikmundova-1024x682.jpg 1024w, http:\/\/pkas.cz\/wp-content\/uploads\/2025\/03\/zikmundova-300x200.jpg 300w, http:\/\/pkas.cz\/wp-content\/uploads\/2025\/03\/zikmundova-768x512.jpg 768w, http:\/\/pkas.cz\/wp-content\/uploads\/2025\/03\/zikmundova-1536x1024.jpg 1536w, http:\/\/pkas.cz\/wp-content\/uploads\/2025\/03\/zikmundova.jpg 2000w\" sizes=\"(max-width: 1024px) 100vw, 1024px\" \/><\/figure><\/div>\n\n\n<p>Roli medailov\u00e9 favoritky naplnila <strong>Valent\u00fdna Zikmundov\u00e1<\/strong> (TJ Sokol SG Plze\u0148-Pet\u0159\u00edn), kter\u00e1 si d\u00edky nov\u00e9mu osobn\u00edmu rekordu ve vrhu koul\u00ed 12.04 m pov\u011bsila na krk st\u0159\u00edbro. Na nejdel\u0161\u00ed distanci mistrovstv\u00ed 3 000 m \u017e\u00e1k\u016f zaz\u00e1\u0159il <strong>Erik Nagy<\/strong> (AC Doma\u017elice), kter\u00fd v \u010dase 9:33.14 min pro\u0165al c\u00edlovou p\u00e1sku na druh\u00e9 pozici. Hned dv\u011b b\u011b\u017ekyn\u011b v oran\u017eov\u00fdch dresech jsme vid\u011bli na startu z\u00e1vodu na 1 500 m. V nov\u00e9m osobn\u00edm rekordu 4:53.50 min fini\u0161ovala <strong>Eli\u0161ka Volfov\u00e1<\/strong> (TJ Sokol SG Plze\u0148-Pet\u0159\u00edn), \u010d\u00edm\u017e vybojovala st\u0159\u00edbrnou medaili, a na p\u00e1t\u00e9m m\u00edst\u011b dob\u011bhla <strong>Tereza \u0160turmov\u00e1<\/strong> (TJ Sokol SG Plze\u0148-Pet\u0159\u00edn) rovn\u011b\u017e v osobn\u00edm maximu 5:00.35 min. Fantastick\u00e9 souboje byly k vid\u011bn\u00ed ve \u0161tafetov\u00fdch z\u00e1vodech \u017e\u00e1k\u016f i \u017e\u00e1ky\u0148. St\u0159\u00edbrn\u00e9 medaile vybojovalo kvarteto \u017e\u00e1ky\u0148 <strong>AK \u0160KODY Plze\u0148<\/strong> (Bekov\u00e1, Rumlarov\u00e1, Vesel\u00e1, Nov\u00e1kov\u00e1), kter\u00e9 zapsalo \u010das 1:44.64 min. Ov\u0161em je\u0161t\u011b nap\u00ednav\u011bj\u0161\u00ed byl z\u00e1vod \u017e\u00e1k\u016f. V n\u011bm po diskvalifikaci jedn\u00e9 z favorizovan\u00fdch \u0161tafet skon\u010dila \u010dtve\u0159ice <strong>AK \u0160KODY Plze\u0148<\/strong> (Hrub\u00fd, Hosnedl, Mal\u00fd, Kasl) rovn\u011b\u017e na st\u0159\u00edbrn\u00e9 pozici v \u010dase 1:38.13 min a t\u011bsn\u011b pod stupni v\u00edt\u011bz\u016f kvarteto <strong>TJ Ban\u00edku St\u0159\u00edbro<\/strong> (Krej\u010d\u00ed, Ko\u0161\u00e1tko, Hor\u00e1\u010dek, Ka\u0161par) s \u010dasem 1:39.04 min.<\/p>\n\n\n<div class=\"wp-block-image\">\n<figure class=\"alignleft size-large is-resized\"><img loading=\"lazy\" decoding=\"async\" width=\"1024\" height=\"682\" src=\"http:\/\/pkas.cz\/wp-content\/uploads\/2025\/03\/novakova-1024x682.jpg\" alt=\"\" class=\"wp-image-5020\" style=\"width:356px;height:auto\" srcset=\"http:\/\/pkas.cz\/wp-content\/uploads\/2025\/03\/novakova-1024x682.jpg 1024w, http:\/\/pkas.cz\/wp-content\/uploads\/2025\/03\/novakova-300x200.jpg 300w, http:\/\/pkas.cz\/wp-content\/uploads\/2025\/03\/novakova-768x512.jpg 768w, http:\/\/pkas.cz\/wp-content\/uploads\/2025\/03\/novakova-1536x1024.jpg 1536w, http:\/\/pkas.cz\/wp-content\/uploads\/2025\/03\/novakova.jpg 2000w\" sizes=\"(max-width: 1024px) 100vw, 1024px\" \/><figcaption class=\"wp-element-caption\"><em>Ema Nov\u00e1kov\u00e1 (vpravo)<\/em><\/figcaption><\/figure><\/div>\n\n\n<p>O velk\u00e9 p\u0159ekvapen\u00ed se na distanci 300 m postarala <strong>Ema Nov\u00e1kov\u00e1<\/strong> (AK \u0160KODA Plze\u0148), kter\u00e1 si prvn\u00ed den \u0161ampion\u00e1tu vylep\u0161ila osobn\u00ed rekord na 41.66 s a probojovala se do fin\u00e1le. V ned\u011bli pak pro\u0165ala c\u00edlovou p\u00e1sku op\u011bt v nov\u00e9m maximu 41.56 s a vybojovala tak bronzovou medaili. T\u00fd\u017e den jej\u00ed odd\u00edlov\u00fd kolega <strong>Samuel Vachou\u0161ek<\/strong> dok\u00e1zal v sout\u011b\u017ei ty\u010dka\u0159\u016f p\u0159ekonat la\u0165ku ve v\u00fd\u0161ce 364 cm a pov\u011bsil si tak na krk premi\u00e9rovou republikovou medaili v hodnot\u011b bronzu. Nov\u00fdm osobn\u00edm maximem 319 cm se v ty\u010dka\u0159sk\u00e9 sout\u011b\u017ei bl\u00fdskl tak\u00e9 \u0161est\u00fd <strong>Maty\u00e1\u0161 Z\u00edma<\/strong> (AK \u0160KODA Plze\u0148). Na nepopul\u00e1rn\u00ed \u010dtvrt\u00e9 pozici dob\u011bhla v \u010dase 10:46.27 min <strong>Daniela Beranov\u00e1<\/strong> (M\u00cdLA\u0158I Doma\u017elice) na distanci 3 000 m.<\/p>\n\n\n\n<div class=\"wp-block-columns is-layout-flex wp-container-core-columns-layout-1 wp-block-columns-is-layout-flex\">\n<div class=\"wp-block-column is-layout-flow wp-block-column-is-layout-flow\"><div class=\"wp-block-image\">\n<figure class=\"aligncenter size-large is-resized\"><img loading=\"lazy\" decoding=\"async\" width=\"1024\" height=\"682\" src=\"http:\/\/pkas.cz\/wp-content\/uploads\/2025\/03\/rendl-1-1024x682.jpg\" alt=\"\" class=\"wp-image-5027\" style=\"width:345px;height:auto\" srcset=\"http:\/\/pkas.cz\/wp-content\/uploads\/2025\/03\/rendl-1-1024x682.jpg 1024w, http:\/\/pkas.cz\/wp-content\/uploads\/2025\/03\/rendl-1-300x200.jpg 300w, http:\/\/pkas.cz\/wp-content\/uploads\/2025\/03\/rendl-1-768x512.jpg 768w, http:\/\/pkas.cz\/wp-content\/uploads\/2025\/03\/rendl-1-1536x1024.jpg 1536w, http:\/\/pkas.cz\/wp-content\/uploads\/2025\/03\/rendl-1.jpg 2000w\" sizes=\"(max-width: 1024px) 100vw, 1024px\" \/><figcaption class=\"wp-element-caption\">    <\/figcaption><\/figure><\/div><\/div>\n\n\n\n<div class=\"wp-block-column is-layout-flow wp-block-column-is-layout-flow\"><div class=\"wp-block-image\">\n<figure class=\"aligncenter size-large is-resized\"><img loading=\"lazy\" decoding=\"async\" width=\"1024\" height=\"682\" src=\"http:\/\/pkas.cz\/wp-content\/uploads\/2025\/03\/nagy-1024x682.jpg\" alt=\"\" class=\"wp-image-5033\" style=\"width:349px;height:auto\" srcset=\"http:\/\/pkas.cz\/wp-content\/uploads\/2025\/03\/nagy-1024x682.jpg 1024w, http:\/\/pkas.cz\/wp-content\/uploads\/2025\/03\/nagy-300x200.jpg 300w, http:\/\/pkas.cz\/wp-content\/uploads\/2025\/03\/nagy-768x512.jpg 768w, http:\/\/pkas.cz\/wp-content\/uploads\/2025\/03\/nagy-1536x1024.jpg 1536w, http:\/\/pkas.cz\/wp-content\/uploads\/2025\/03\/nagy.jpg 2000w\" sizes=\"(max-width: 1024px) 100vw, 1024px\" \/><figcaption class=\"wp-element-caption\">   <\/figcaption><\/figure><\/div><\/div>\n<\/div>\n\n\n\n<p>P\u00e1t\u00e9 m\u00edsto obsadil <strong>Marek Rendl<\/strong> (Atletika Klatovy), kter\u00fd si v koula\u0159sk\u00e9m sektoru vylep\u0161il osobn\u00ed rekord na 13.59 m. Do fin\u00e1lov\u00e9ho z\u00e1vodu na 300 m se probojovali <strong>Pavel Faukner<\/strong> (Aktiv Sport Hor\u0161ovsk\u00fd T\u00fdn), kter\u00fd \u010dasem 38.13 s skon\u010dil na p\u00e1t\u00e9m m\u00edst\u011b, a <strong>David Krej\u010d\u00ed<\/strong> (TJ Ban\u00edk St\u0159\u00edbro), jeho\u017e \u010das 38.72 s sta\u010dil na \u0161estou pozici. Tu David vybojoval tak\u00e9 ve fin\u00e1lov\u00e9m b\u011bhu na 60 m p\u0159ek\u00e1\u017eek, kdy\u017e zastavil \u010dasom\u00edru na 8.65 s. Stejn\u00fdch um\u00edst\u011bn\u00ed dos\u00e1hli tak\u00e9 \u017e\u00e1ci na distanci 1 500 m. P\u00e1t\u00fd <strong>Adam Soukup<\/strong> (Aktiv Sport Hor\u0161ovsk\u00fd T\u00fdn) si vylep\u0161il osobn\u00ed rekord na 4:25.38 min a \u0161est\u00fd <strong>Andr\u00e9 Jan Catalanotti<\/strong> (AC Doma\u017elice) rovn\u011b\u017e posunul osobn\u00ed maximum, a to na 4:27.05 min. Poprv\u00e9 v kari\u00e9\u0159e se p\u0159es la\u0165ku ve v\u00fd\u0161ce 181 cm p\u0159enesl <strong>Jakub Koz\u00e1k<\/strong> (ATLETCLUB N\u00fd\u0159any), co\u017e znamenalo kone\u010dn\u00e9 \u0161est\u00e9 m\u00edsto mezi v\u00fd\u0161ka\u0159i. Dv\u011b sedm\u00e9 pozice pak pat\u0159\u00ed Eli\u0161ce Schweinerov\u00e9 (M\u00cdLA\u0158I Doma\u017elice), kter\u00e1 si na distanci 1 500 m vylep\u0161ila osobn\u00ed rekord na 5:05.76 min, a d\u00e1lka\u0159i Mat\u011bji Hrub\u00e9mu (AK \u0160KODA Plze\u0148), jeho\u017e nejdel\u0161\u00ed pokus m\u011b\u0159il 603 cm.<\/p>\n\n\n\n<p>Na kompletn\u00ed v\u00fdsledky se m\u016f\u017eete pod\u00edvat na <a href=\"https:\/\/online.atletika.cz\/vysledky\/78221\" target=\"_blank\" rel=\"noreferrer noopener\">tomto odkazu<\/a>.<\/p>\n\n\n\n<p>Foto: \u010cAS &#8211; Jan Houska<\/p>\n\n\n\n<div class=\"wp-block-columns is-layout-flex wp-container-core-columns-layout-2 wp-block-columns-is-layout-flex\">\n<div class=\"wp-block-column is-layout-flow wp-block-column-is-layout-flow\"><div class=\"wp-block-image\">\n<figure class=\"aligncenter size-large is-resized\"><img loading=\"lazy\" decoding=\"async\" width=\"1024\" height=\"682\" src=\"http:\/\/pkas.cz\/wp-content\/uploads\/2025\/03\/soukup-1024x682.jpg\" alt=\"\" class=\"wp-image-5029\" style=\"width:367px;height:auto\" srcset=\"http:\/\/pkas.cz\/wp-content\/uploads\/2025\/03\/soukup-1024x682.jpg 1024w, http:\/\/pkas.cz\/wp-content\/uploads\/2025\/03\/soukup-300x200.jpg 300w, http:\/\/pkas.cz\/wp-content\/uploads\/2025\/03\/soukup-768x512.jpg 768w, http:\/\/pkas.cz\/wp-content\/uploads\/2025\/03\/soukup-1536x1024.jpg 1536w, http:\/\/pkas.cz\/wp-content\/uploads\/2025\/03\/soukup.jpg 2000w\" sizes=\"(max-width: 1024px) 100vw, 1024px\" \/><\/figure><\/div><\/div>\n\n\n\n<div class=\"wp-block-column is-layout-flow wp-block-column-is-layout-flow\"><div class=\"wp-block-image\">\n<figure class=\"aligncenter size-large is-resized\"><img loading=\"lazy\" decoding=\"async\" width=\"1712\" height=\"1141\" src=\"http:\/\/pkas.cz\/wp-content\/uploads\/2025\/03\/beranova-edited.jpg\" alt=\"\" class=\"wp-image-5031\" style=\"width:368px;height:auto\" srcset=\"http:\/\/pkas.cz\/wp-content\/uploads\/2025\/03\/beranova-edited.jpg 1712w, http:\/\/pkas.cz\/wp-content\/uploads\/2025\/03\/beranova-edited-300x200.jpg 300w, http:\/\/pkas.cz\/wp-content\/uploads\/2025\/03\/beranova-edited-1024x682.jpg 1024w, http:\/\/pkas.cz\/wp-content\/uploads\/2025\/03\/beranova-edited-768x512.jpg 768w, http:\/\/pkas.cz\/wp-content\/uploads\/2025\/03\/beranova-edited-1536x1024.jpg 1536w\" sizes=\"(max-width: 1712px) 100vw, 1712px\" \/><\/figure><\/div><\/div>\n<\/div>\n","protected":false},"excerpt":{"rendered":"<p>O v\u00edkendu 1. a 2. b\u0159ezna se konalo posledn\u00ed tuzemsk\u00e9 mistrovstv\u00ed halov\u00e9 sez\u00f3ny 2025, kter\u00fdm jako ji\u017e tradi\u010dn\u011b byl \u017e\u00e1kovsk\u00fd n\u00e1rodn\u00ed \u0161ampion\u00e1t. Z pra\u017esk\u00e9 Atletick\u00e9&hellip;<\/p>\n","protected":false},"author":4,"featured_media":5020,"comment_status":"closed","ping_status":"closed","sticky":false,"template":"","format":"standard","meta":{"footnotes":""},"categories":[1],"tags":[],"jetpack_sharing_enabled":true,"jetpack_featured_media_url":"http:\/\/pkas.cz\/wp-content\/uploads\/2025\/03\/novakova.jpg","_links":{"self":[{"href":"http:\/\/pkas.cz\/index.php?rest_route=\/wp\/v2\/posts\/5010"}],"collection":[{"href":"http:\/\/pkas.cz\/index.php?rest_route=\/wp\/v2\/posts"}],"about":[{"href":"http:\/\/pkas.cz\/index.php?rest_route=\/wp\/v2\/types\/post"}],"author":[{"embeddable":true,"href":"http:\/\/pkas.cz\/index.php?rest_route=\/wp\/v2\/users\/4"}],"replies":[{"embeddable":true,"href":"http:\/\/pkas.cz\/index.php?rest_route=%2Fwp%2Fv2%2Fcomments&post=5010"}],"version-history":[{"count":18,"href":"http:\/\/pkas.cz\/index.php?rest_route=\/wp\/v2\/posts\/5010\/revisions"}],"predecessor-version":[{"id":5038,"href":"http:\/\/pkas.cz\/index.php?rest_route=\/wp\/v2\/posts\/5010\/revisions\/5038"}],"wp:featuredmedia":[{"embeddable":true,"href":"http:\/\/pkas.cz\/index.php?rest_route=\/wp\/v2\/media\/5020"}],"wp:attachment":[{"href":"http:\/\/pkas.cz\/index.php?rest_route=%2Fwp%2Fv2%2Fmedia&parent=5010"}],"wp:term":[{"taxonomy":"category","embeddable":true,"href":"http:\/\/pkas.cz\/index.php?rest_route=%2Fwp%2Fv2%2Fcategories&post=5010"},{"taxonomy":"post_tag","embeddable":true,"href":"http:\/\/pkas.cz\/index.php?rest_route=%2Fwp%2Fv2%2Ftags&post=5010"}],"curies":[{"name":"wp","href":"https:\/\/api.w.org\/{rel}","templated":true}]}}