{"id":4987,"date":"2025-02-27T13:30:00","date_gmt":"2025-02-27T12:30:00","guid":{"rendered":"http:\/\/pkas.cz\/?p=4987"},"modified":"2025-02-27T14:45:57","modified_gmt":"2025-02-27T13:45:57","slug":"vysel-zapis-z-jednani-vyboru-pkas-12","status":"publish","type":"post","link":"http:\/\/pkas.cz\/?p=4987","title":{"rendered":"Vy\u0161el z\u00e1pis z jedn\u00e1n\u00ed v\u00fdboru PKAS"},"content":{"rendered":"<div class=\"wp-block-image\">\n<figure class=\"aligncenter size-full is-resized\"><img loading=\"lazy\" decoding=\"async\" width=\"525\" height=\"344\" src=\"http:\/\/pkas.cz\/wp-content\/uploads\/2024\/02\/PKAS-logo-right-vetsi.png\" alt=\"\" class=\"wp-image-4287\" style=\"width:227px;height:auto\" srcset=\"http:\/\/pkas.cz\/wp-content\/uploads\/2024\/02\/PKAS-logo-right-vetsi.png 525w, http:\/\/pkas.cz\/wp-content\/uploads\/2024\/02\/PKAS-logo-right-vetsi-300x197.png 300w\" sizes=\"(max-width: 525px) 100vw, 525px\" \/><figcaption class=\"wp-element-caption\">   <\/figcaption><\/figure><\/div>\n\n\n<p>Vy\u0161el z\u00e1pis z jedn\u00e1n\u00ed v\u00fdkonn\u00e9ho v\u00fdboru Plze\u0148sk\u00e9ho krajsk\u00e9ho atletick\u00e9ho svazu, kter\u00e9 se uskute\u010dnilo dne 20. 2. 2025.<\/p>\n\n\n\n<p>Z\u00e1pis naleznete ke sta\u017een\u00ed na <a href=\"http:\/\/pkas.cz\/wp-content\/uploads\/2025\/02\/Zapis_ze_schuze_VV_PKAS_2_2025.pdf\" target=\"_blank\" rel=\"noreferrer noopener\">tomto odkazu<\/a>.<\/p>\n","protected":false},"excerpt":{"rendered":"<p>Vy\u0161el z\u00e1pis z jedn\u00e1n\u00ed v\u00fdkonn\u00e9ho v\u00fdboru Plze\u0148sk\u00e9ho krajsk\u00e9ho atletick\u00e9ho svazu, kter\u00e9 se uskute\u010dnilo dne 20. 2. 2025. Z\u00e1pis naleznete ke sta\u017een\u00ed na tomto odkazu.<\/p>\n","protected":false},"author":4,"featured_media":4287,"comment_status":"closed","ping_status":"closed","sticky":false,"template":"","format":"standard","meta":{"footnotes":""},"categories":[2],"tags":[],"jetpack_sharing_enabled":true,"jetpack_featured_media_url":"http:\/\/pkas.cz\/wp-content\/uploads\/2024\/02\/PKAS-logo-right-vetsi.png","_links":{"self":[{"href":"http:\/\/pkas.cz\/index.php?rest_route=\/wp\/v2\/posts\/4987"}],"collection":[{"href":"http:\/\/pkas.cz\/index.php?rest_route=\/wp\/v2\/posts"}],"about":[{"href":"http:\/\/pkas.cz\/index.php?rest_route=\/wp\/v2\/types\/post"}],"author":[{"embeddable":true,"href":"http:\/\/pkas.cz\/index.php?rest_route=\/wp\/v2\/users\/4"}],"replies":[{"embeddable":true,"href":"http:\/\/pkas.cz\/index.php?rest_route=%2Fwp%2Fv2%2Fcomments&post=4987"}],"version-history":[{"count":3,"href":"http:\/\/pkas.cz\/index.php?rest_route=\/wp\/v2\/posts\/4987\/revisions"}],"predecessor-version":[{"id":5006,"href":"http:\/\/pkas.cz\/index.php?rest_route=\/wp\/v2\/posts\/4987\/revisions\/5006"}],"wp:featuredmedia":[{"embeddable":true,"href":"http:\/\/pkas.cz\/index.php?rest_route=\/wp\/v2\/media\/4287"}],"wp:attachment":[{"href":"http:\/\/pkas.cz\/index.php?rest_route=%2Fwp%2Fv2%2Fmedia&parent=4987"}],"wp:term":[{"taxonomy":"category","embeddable":true,"href":"http:\/\/pkas.cz\/index.php?rest_route=%2Fwp%2Fv2%2Fcategories&post=4987"},{"taxonomy":"post_tag","embeddable":true,"href":"http:\/\/pkas.cz\/index.php?rest_route=%2Fwp%2Fv2%2Ftags&post=4987"}],"curies":[{"name":"wp","href":"https:\/\/api.w.org\/{rel}","templated":true}]}}